{"id":34262,"date":"2019-02-07T20:00:51","date_gmt":"2019-02-07T23:00:51","guid":{"rendered":"http:\/\/informeformosa.com.ar\/?p=34262"},"modified":"2019-02-07T20:00:53","modified_gmt":"2019-02-07T23:00:53","slug":"este-viernes-eleva-el-telon-la-17-edicion-de-la-fiesta-nacional-de-la-corvina-de-rio","status":"publish","type":"post","link":"http:\/\/informeformosa.com.ar\/?p=34262","title":{"rendered":"Este viernes eleva el tel\u00f3n la 17\u00b0 edici\u00f3n de la Fiesta Nacional de la Corvina de Rio"},"content":{"rendered":"\n<p>Desde las 19 este\nviernes y extendi\u00e9ndose todo el fin de semana, la vecina villa tur\u00edstica de\nHerradura, abrir\u00e1 el tel\u00f3n de la 17\u00b0 edici\u00f3n de una de las festividades m\u00e1s\nimportantes del calendario estival argentino: La Fiesta Nacional de la Corvina\nde Rio.&nbsp; Habr\u00e1 un extenso programa de\nactividades recreativas, deportivas y musicales con el colombiano Sebasti\u00e1n\nYatra como atractivo principal de esta noche festivalera.<\/p>\n\n\n\n<p>Sera al mismo\ntiempo la apertura de una mega-muestra tur\u00edstica, la mejor\ngastronom\u00eda regional, artesanal, comercial y de servicios, junto a\nla habilitaci\u00f3n de un importante paquete de obras de fuerte impacto comunitario\nejecutadas por el gobierno provincial.<\/p>\n\n\n\n<p>La apertura de\nla mega-expo en el predio de 11 hect\u00e1reas \u201cMilico\u201d Fleitas se producir\u00e1 a\n\u00faltimas horas de la tarde,&nbsp; mientras se\nhabilitan la treintena de murales en el paseo \u201cChavela\u201d Pernochi, adem\u00e1s de los\ncasi cuatro kil\u00f3metros del nuevo sistema lum\u00ednico, la planta de agua potable y\nextensi\u00f3n de la red distribuidora, enripiados a accesos de caba\u00f1as y mejoras en\nel servicio el\u00e9ctrico, entre otras realizaciones que han hermoseado a la villa.\n<\/p>\n\n\n\n<p>El gobierno provincial\ncoordinado desde el ministerio de Turismo y el municipio herradure\u00f1o, adem\u00e1s\ndel apoyo del CFI, permiten esta nueva edici\u00f3n de la fiesta que comprende un\nextenso programa que incluye shows musicales de nivel internacional y la\nadrenalina de los concursos de pesca deportiva durante el fin de semana, algunas\nde las opciones que el p\u00fablico podr\u00e1 disfrutar. El acceso a todas las\nactividades es libre y gratuito.<\/p>\n\n\n\n<p>Por tres<strong> <\/strong>d\u00edas consecutivos&nbsp;se podr\u00e1 disfrutar de una gran muestra de la producci\u00f3n e identidad\nde nuestra tierra.&nbsp;Gastronom\u00eda\nregional, aut\u00e9nticas piezas artesanales&nbsp;de pura expresi\u00f3n cultural y\nexperiencias inolvidables. Se trata de una feria llena de&nbsp;expresiones, identidad, simbolismo y\nsorpresas, que permitir\u00e1 al visitante llevarse en el alma este gran\nacontecimiento.<\/p>\n\n\n\n<p>El camping sobre la laguna de Herradura alberga la\nbajada de las lanchas. All\u00ed las familias y amigos podr\u00e1n compartir d\u00edas de\nplaya, y divertirse con las diversas actividades, demostraciones gastron\u00f3micas,\nun escenario menor donde diversos artistas locales le pondr\u00e1n ritmo a cada\ninstante del d\u00eda.<\/p>\n\n\n\n<p>\u201cCorvini\u00f1os\u201d y su amplio programa para los\ninfantes, degustaciones, competencias de v\u00f3ley playero, forman parte del amplio\nprograma de este viernes.<\/p>\n\n\n\n<p><strong>Servicio\nde transporte<\/strong><\/p>\n\n\n\n<p>El director de\nTransporte de la provincia, el doctor Pablo C\u00f3rdoba, inform\u00f3 que se acord\u00f3 con\nlas empresas Nueva Godoy y Crucero del Sur un servicio especial de colectivos\ndesde Formosa Capital hacia Herradura, donde este fin de semana se llevar\u00e1 a\ncabo la Fiesta de la Corvina.<\/p>\n\n\n\n<p>Este viernes los\ncolectivos de Crucero del Sur van a estar saliendo desde la esquina de Espa\u00f1a y\n9 de Julio, frente al Teatro de la Ciudad, a partir de las 16 horas; en tanto\nque Nueva Godoy partir\u00e1 a partir de las 19 frente al Ministerio de Turismo.<\/p>\n\n\n\n<p>\u00abHasta las 23\nhoras ir\u00e1n desde Formosa y una vez que lleguen a Herradura estas unidades van a\nquedar apostadas all\u00ed, ya que queremos que una vez finalizados los n\u00fameros\nmusicales la gente pueda volver y no se quede sin colectivos para el regreso\u00bb,\nindic\u00f3.<\/p>\n\n\n\n<p>Detall\u00f3 a su vez que\n\u00abpara ambas empresas se acord\u00f3 la misma tarifa, que ser\u00e1 de $80 por tramo,\nlos menores de cinco a\u00f1os no van a pagar\u00bb.<\/p>\n\n\n\n<p>En cuanto a las\nfrecuencias dijo que las mismas \u00abvan a ser cada una hora o a medida que se\nvayan llenando los colectivos, con lo cual si se llenan antes de la hora van a\nsalir antes, sino cada una hora en punto\u00bb.<\/p>\n\n\n\n<p>\u00abEn total se van\na afectar unas 22 unidades, siete de la empresa Nueva Godoy y 15 de Crucero del\nSur\u00bb, se\u00f1al\u00f3 C\u00f3rdoba. No obstante aclar\u00f3 que \u00abambas me han\ngarantizado que si la demanda supera lo previsto van a incorporar las unidades\nque sean necesarias\u00bb, agregando que \u00ablas unidades van a ser con aire\nacondicionado de ambas empresas\u00bb.<\/p>\n\n\n\n<p><strong>Seguridad<\/strong><\/p>\n\n\n\n<p>Ante lo que se\npresume ser\u00e1 una concentraci\u00f3n multitudinaria de personas en la cercana\ncomunidad y masiva afluencia de veh\u00edculos desde este viernes y durante el fin\nde semana, se dispuso un f\u00e9rreo&nbsp;despliegue de seguridad en toda la\nlocalidad y zonas aleda\u00f1as.<\/p>\n\n\n\n<p>Un operativo a trav\u00e9s\nde una labor integrada por la Polic\u00eda de Formosa, Gendarmer\u00eda Nacional,\nPrefectura Naval Argentina Puerto Formosa.<\/p>\n\n\n\n<p>\u201cSera un mega\noperativo tendiente a garantizar la seguridad y el orden p\u00fablico, donde las\nacciones de prevenci\u00f3n son las primordiales, sobre todo de accidentes de\ntr\u00e1nsito. Para ello es que se acentuaran intervenciones en cuanto&nbsp; a los que infrinjan los l\u00edmites legales para\nla distribuci\u00f3n e ingesta de bebidas alcoh\u00f3licas, el control e identificaci\u00f3n\nde personas, ser\u00e1n objetivos prioritarios en el desarrollo del trabajo\npreventivo y hasta la finalizaci\u00f3n de la fiesta\u201d, se expuso.<\/p>\n\n\n\n<p>Desde el punto de\nvista de la seguridad vial, y atendiendo a que las rutas de afluencia vehicular\nson nacional y provincial, se coordin\u00f3 que efectivos de Gendarmer\u00eda Nacional\ncon jurisdicci\u00f3n en esta provincia realicen los relevamientos respectivos sobre\nla v\u00eda nacional, en tanto que los&nbsp;&nbsp;caminos provinciales ser\u00e1n\nvigilados por el Cuerpo de Tr\u00e1nsito de la polic\u00eda, con puestos de control y\ngu\u00eda en lugares considerados clave. Por su parte, la Prefectura Naval tendr\u00e1 un\nimportante despliegue en os espejos de agua y zonas ribere\u00f1as, m\u00e1s all\u00e1 de lo\nque hace a los con cursos de pesca.<\/p>\n\n\n\n<p><strong>De inter\u00e9s para pescadores<\/strong><\/p>\n\n\n\n<p>Se informo asimismo que los equipos de pesca deber\u00e1n estar por lo menos\nmedia hora antes del inicio \u2013previsto para las 8 de los d\u00edas s\u00e1bado 9 y domingo\n10- del concurso ya situados en la zona de partida de la cancha de pesca.<\/p>\n\n\n\n<p>Tambi\u00e9n deben saber que el d\u00eda mismo de pesca en la zona de playase podr\u00e1n hacer tr\u00e1mites vinculados a\nsus embarcaciones ante estamentos del estado provincial y lo propio ante\nPrefectura, como actualizaci\u00f3n carnet.<\/p>\n\n\n\n<p>Las inscripciones\nestar\u00e1n disponibles en el ministerio de Turismo hasta estge viernes a las 20\nhoras. Despu\u00e9s, los interesados podr\u00e1n anotarse en Herradura: para remo el d\u00eda\ns\u00e1bado hasta las 7 horas y para embarcada a motor el d\u00eda domingo tambi\u00e9n hasta\nlas 7.<\/p>\n\n\n\n<p>El presidente de la\nFederaci\u00f3n Formose\u00f1a de Pesca, Jorge Otazo, expuso que uno de los cambios\nimportantes para esta edici\u00f3n esta dado en la modificaci\u00f3n en el horario de\nlargada en las dos modalidades de pesca \u2013embarcada a motor y embarcada a remo-.\nSera a partir de las 8 a diferencia de antes que&nbsp; era una hora m\u00e1s tarde, y se extender\u00e1 hasta\nlas 12. Ser\u00e1n cuatro horas de pesca como siempre, pero se pretende evitar\ncomplicaciones el d\u00eda domingo cuando los pescadores comparten el almuerzo de\npremiaci\u00f3n.<\/p>\n\n\n\n<p>Expuso que en la zona\nde largada en la laguna no existen camalotes y el rio Paraguay se encuentra en\nfranco descenso, con lo cual las expectativas son muy buenas.<\/p>\n","protected":false},"excerpt":{"rendered":"<p>Desde las 19 este viernes y extendi\u00e9ndose todo el fin de semana, la vecina villa tur\u00edstica de Herradura, abrir\u00e1 el tel\u00f3n de la 17\u00b0 edici\u00f3n de una de las festividades m\u00e1s importantes del calendario estival argentino: La Fiesta Nacional de la Corvina de Rio.&nbsp; Habr\u00e1 un extenso programa de actividades recreativas, deportivas y musicales con [&hellip;]<\/p>\n","protected":false},"author":11,"featured_media":34268,"comment_status":"open","ping_status":"open","sticky":false,"template":"","format":"standard","meta":{"footnotes":""},"categories":[19],"tags":[],"class_list":["post-34262","post","type-post","status-publish","format-standard","has-post-thumbnail","hentry","category-turismo"],"_links":{"self":[{"href":"http:\/\/informeformosa.com.ar\/index.php?rest_route=\/wp\/v2\/posts\/34262","targetHints":{"allow":["GET"]}}],"collection":[{"href":"http:\/\/informeformosa.com.ar\/index.php?rest_route=\/wp\/v2\/posts"}],"about":[{"href":"http:\/\/informeformosa.com.ar\/index.php?rest_route=\/wp\/v2\/types\/post"}],"author":[{"embeddable":true,"href":"http:\/\/informeformosa.com.ar\/index.php?rest_route=\/wp\/v2\/users\/11"}],"replies":[{"embeddable":true,"href":"http:\/\/informeformosa.com.ar\/index.php?rest_route=%2Fwp%2Fv2%2Fcomments&post=34262"}],"version-history":[{"count":1,"href":"http:\/\/informeformosa.com.ar\/index.php?rest_route=\/wp\/v2\/posts\/34262\/revisions"}],"predecessor-version":[{"id":34269,"href":"http:\/\/informeformosa.com.ar\/index.php?rest_route=\/wp\/v2\/posts\/34262\/revisions\/34269"}],"wp:featuredmedia":[{"embeddable":true,"href":"http:\/\/informeformosa.com.ar\/index.php?rest_route=\/wp\/v2\/media\/34268"}],"wp:attachment":[{"href":"http:\/\/informeformosa.com.ar\/index.php?rest_route=%2Fwp%2Fv2%2Fmedia&parent=34262"}],"wp:term":[{"taxonomy":"category","embeddable":true,"href":"http:\/\/informeformosa.com.ar\/index.php?rest_route=%2Fwp%2Fv2%2Fcategories&post=34262"},{"taxonomy":"post_tag","embeddable":true,"href":"http:\/\/informeformosa.com.ar\/index.php?rest_route=%2Fwp%2Fv2%2Ftags&post=34262"}],"curies":[{"name":"wp","href":"https:\/\/api.w.org\/{rel}","templated":true}]}}