{"id":34238,"date":"2019-02-06T20:07:59","date_gmt":"2019-02-06T23:07:59","guid":{"rendered":"http:\/\/informeformosa.com.ar\/?p=34238"},"modified":"2019-02-06T20:08:04","modified_gmt":"2019-02-06T23:08:04","slug":"lamentan-situacion-social-por-desacertadas-politicas-nacionales","status":"publish","type":"post","link":"http:\/\/informeformosa.com.ar\/?p=34238","title":{"rendered":"Lamentan situaci\u00f3n social por desacertadas pol\u00edticas nacionales"},"content":{"rendered":"\n<p>El\nconcejal justicialista capitalino Adri\u00e1n Muracciole advirti\u00f3 por \u00abla\nsituaci\u00f3n de vulnerabilidad que genera mucho estr\u00e9s y desaz\u00f3n\u00bb en los\nargentinos debido a las desacertadas pol\u00edticas econ\u00f3micas del Gobierno\nNacional.<\/p>\n\n\n\n<p>\u00abTodos\nlos d\u00edas, los argentinos est\u00e1n viviendo las consecuencias de las malas\npol\u00edticas del Gobierno Nacional, una situaci\u00f3n de vulnerabilidad que genera\nmucho estr\u00e9s y desaz\u00f3n por los exorbitantes aumentos en las tarifas de la\nenerg\u00eda el\u00e9ctrica, el agua y el gas y la eliminaci\u00f3n de los subsidios al\ntransporte p\u00fablico de pasajeros y a la tarifa social\u00bb, lament\u00f3.<\/p>\n\n\n\n<p>En\ntal sentido desestim\u00f3 los dichos de ediles de la oposici\u00f3n local, diciendo que\n\u00abresponden a la l\u00ednea discursiva que tienen todos los miembros del\nPRO-Cambiemos que es tener que sostener que nada de lo que hace el Gobierno\nNacional est\u00e1 mal a pesar de que todos los argentinos viven d\u00eda a d\u00eda las\nconsecuencias de este modelo neoliberal\u00bb.<\/p>\n\n\n\n<p>Volvi\u00f3\na reiterar que \u00abel gobernador Gildo Insfr\u00e1n firm\u00f3 el pacto fiscal 2017\ndonde no hab\u00eda ning\u00fan tipo de cuesti\u00f3n en el sentido de que la provincia se\nten\u00eda que hacer cargo de la tarifa social y el subsidio al transporte\np\u00fablico\u00bb.<\/p>\n\n\n\n<p>\u00abEso\naparece en el pacto fiscal firmado en el 2018 que no firm\u00f3 el gobernador\nInsfr\u00e1n. Entonces, si el primer mandatario no firm\u00f3, no hay ninguna relaci\u00f3n\nentre lo que dicen los concejales de la oposici\u00f3n en Formosa y lo que es la\nrealidad. Porque la Naci\u00f3n unilateralmente traslad\u00f3 las responsabilidades, pero\nno los recursos cuando la Constituci\u00f3n Nacional expresa que cuando se trasladan\nlas responsabilidades a las provincias desde la Naci\u00f3n se tienen que transferir\njunto con los recursos\u00bb, aclar\u00f3 el edil.\n\nMuracciole remarc\u00f3 que \u00abeso no ha sucedido,\npor lo tanto la provincia tiene los mismos recursos de hace un a\u00f1o, pero ahora\nla Naci\u00f3n le transfiri\u00f3 muchas m\u00e1s responsabilidades\u00bb, acentuando que\n\u00abde todos modos, el gobernador Insfr\u00e1n se ha hecho cargo de subsidiar el\ntransporte p\u00fablico de pasajeros formose\u00f1o, no porque tenga la responsabilidad\nde hacerlo, por las cuestiones que expliqu\u00e9 anteriormente, sino porque tiene\nuna profunda sensibilidad social y sabe las necesidades que est\u00e1 pasando el\npueblo, adem\u00e1s tiene una espalda econ\u00f3mica y financiera suficiente a partir de\n16 a\u00f1os de super\u00e1vit y una provincia desendeudada\u00bb, finaliz\u00f3.\n\n\n\n<\/p>\n","protected":false},"excerpt":{"rendered":"<p>El concejal justicialista capitalino Adri\u00e1n Muracciole advirti\u00f3 por \u00abla situaci\u00f3n de vulnerabilidad que genera mucho estr\u00e9s y desaz\u00f3n\u00bb en los argentinos debido a las desacertadas pol\u00edticas econ\u00f3micas del Gobierno Nacional. \u00abTodos los d\u00edas, los argentinos est\u00e1n viviendo las consecuencias de las malas pol\u00edticas del Gobierno Nacional, una situaci\u00f3n de vulnerabilidad que genera mucho estr\u00e9s y [&hellip;]<\/p>\n","protected":false},"author":11,"featured_media":34249,"comment_status":"open","ping_status":"open","sticky":false,"template":"","format":"standard","meta":{"footnotes":""},"categories":[3],"tags":[],"class_list":["post-34238","post","type-post","status-publish","format-standard","has-post-thumbnail","hentry","category-politica-y-economia"],"_links":{"self":[{"href":"http:\/\/informeformosa.com.ar\/index.php?rest_route=\/wp\/v2\/posts\/34238","targetHints":{"allow":["GET"]}}],"collection":[{"href":"http:\/\/informeformosa.com.ar\/index.php?rest_route=\/wp\/v2\/posts"}],"about":[{"href":"http:\/\/informeformosa.com.ar\/index.php?rest_route=\/wp\/v2\/types\/post"}],"author":[{"embeddable":true,"href":"http:\/\/informeformosa.com.ar\/index.php?rest_route=\/wp\/v2\/users\/11"}],"replies":[{"embeddable":true,"href":"http:\/\/informeformosa.com.ar\/index.php?rest_route=%2Fwp%2Fv2%2Fcomments&post=34238"}],"version-history":[{"count":1,"href":"http:\/\/informeformosa.com.ar\/index.php?rest_route=\/wp\/v2\/posts\/34238\/revisions"}],"predecessor-version":[{"id":34250,"href":"http:\/\/informeformosa.com.ar\/index.php?rest_route=\/wp\/v2\/posts\/34238\/revisions\/34250"}],"wp:featuredmedia":[{"embeddable":true,"href":"http:\/\/informeformosa.com.ar\/index.php?rest_route=\/wp\/v2\/media\/34249"}],"wp:attachment":[{"href":"http:\/\/informeformosa.com.ar\/index.php?rest_route=%2Fwp%2Fv2%2Fmedia&parent=34238"}],"wp:term":[{"taxonomy":"category","embeddable":true,"href":"http:\/\/informeformosa.com.ar\/index.php?rest_route=%2Fwp%2Fv2%2Fcategories&post=34238"},{"taxonomy":"post_tag","embeddable":true,"href":"http:\/\/informeformosa.com.ar\/index.php?rest_route=%2Fwp%2Fv2%2Ftags&post=34238"}],"curies":[{"name":"wp","href":"https:\/\/api.w.org\/{rel}","templated":true}]}}