{"id":34235,"date":"2019-02-06T19:59:03","date_gmt":"2019-02-06T22:59:03","guid":{"rendered":"http:\/\/informeformosa.com.ar\/?p=34235"},"modified":"2019-02-06T19:59:08","modified_gmt":"2019-02-06T22:59:08","slug":"este-ano-la-fiesta-nacional-de-la-corvina-tendra-su-propio-himno","status":"publish","type":"post","link":"http:\/\/informeformosa.com.ar\/?p=34235","title":{"rendered":"Este a\u00f1o, la Fiesta Nacional de la Corvina tendr\u00e1 su propio himno"},"content":{"rendered":"\n<p>\u00abLa\nNovia Azul del R\u00edo Paraguay\u00bb es el nombre de la canci\u00f3n compuesta por m\u00fasicos\ny artistas formose\u00f1os que ser\u00e1 el himno de apertura de la Fiesta Nacional de la\nCorvina de R\u00edo, destacado megaevento a desarrollarse este fin de semana en la\nvilla tur\u00edstica de Herradura.<\/p>\n\n\n\n<p>Fue\nel propio intendente de la localidad, Juan Carlos G\u00f3mez, quien present\u00f3, en el\nmarco de una entrevista radial en la FM Tropical 96.9, el tema musical.<\/p>\n\n\n\n<p>\u00abNovia\nazul del r\u00edo Paraguay, laguna imponente del imperio del verde donde nac\u00ed, en tu\ngeograf\u00eda de esplendor, trazando pinceles el redentor cre\u00f3 un jard\u00edn para sus\nhijos, y en una herradura se inspir\u00f3 y desde el agua floreci\u00f3 f\u00e9rtil cardumen\nde corvinas&#8230;por eso hay una fiesta, de todas partes llegan a vivir el\nencuentro que mi tierra formose\u00f1a invita a celebrar&#8230; Fiesta de la Corvina,\nHerradura te espera con las manos tendidas para dar a aquel que llega un canto\nde hermandad&#8230;\u00bb, dicen algunos versos de la atractiva canci\u00f3n. <\/p>\n\n\n\n<p>En\nese sentido, el intendente G\u00f3mez cont\u00f3 que \u00abel a\u00f1o pasado cambiamos el\nprofesor del ballet y se hizo cargo del mismo Freddy Yahar\u00ed, a quien le dije:\n&#8216;Tengo un sue\u00f1o: nuestro festival tiene que tener una canci\u00f3n o un himno, algo\nque lo identifique y que haga la apertura de todas las ediciones&#8217;. Le plante\u00e9\nla idea y le dej\u00e9 la creatividad. Y destacados j\u00f3venes m\u00fasicos y artistas\nformose\u00f1os realizaron un tema hermoso\u00bb.<\/p>\n\n\n\n<p>Refiri\u00f3\nque el autor de la canci\u00f3n es Roger Maza y las voces est\u00e1n a cargo de Viviana\nGonz\u00e1lez, Yanina Godoy, Romina Barrionuevo, Roger Maza, Silvio Fern\u00e1ndez,\nDaniel Genes, Mat\u00edas S\u00e1nchez y Santiago Mar\u00edn. \u00abTodos ellos han intervenido\ncon much\u00edsimos artistas y m\u00fasicos como Juanma Mart\u00ednez, Pedro Ortiz, Miguel\nBogado, Alex Toralli, Bruno S\u00e1nchez, H\u00e9ctor Galv\u00e1n, Julio Barreto, entre\notros\u00bb.<\/p>\n\n\n\n<p>\u00abSe\ngrab\u00f3 en el estudio formose\u00f1o Pu Rec con Jos\u00e9 Busso y Mart\u00edn Caballero como\neditores y t\u00e9cnicos, Gast\u00f3n Ben\u00edtez en la edici\u00f3n y afinaci\u00f3n y Juanma Ram\u00edrez\nen mezcla y mastering\u00bb, se\u00f1al\u00f3.<\/p>\n\n\n\n<p>Destac\u00f3\nel jefe comunal que \u00abes un verdadero gusto y un orgullo que hayamos\nlogrado esto y que sigamos avanzando en este sentido porque como siempre digo\nla corvina ya no es s\u00f3lo de Herradura, sino de todos los formose\u00f1os\u00bb.<\/p>\n\n\n\n<p>Hizo\nnotar que \u00abla canci\u00f3n expresa b\u00e1sicamente eso y habla de todas las cosas\nlindas con las que uno sue\u00f1a para su comunidad\u00bb, acentuando que \u00ablos\nherradure\u00f1os somos muy agradecidos porque estamos viviendo un momento muy\nlindo, donde se entendieron los trabajos de los privados y el sector p\u00fablico y\nlos esfuerzos mancomunados entre el Gobierno provincial y el Municipio de\nHerradura\u00bb.<\/p>\n\n\n\n<p>\u00abA\ntrav\u00e9s de este trabajo conjunto estamos logrando cosas impensadas, lo cual hizo\ntambi\u00e9n que el privado crea en todo esto y apueste a nuestra localidad; tenemos\nm\u00e1s de 22 emprendimientos de caba\u00f1as, hay m\u00e1s de cinco o seis en marcha que\npr\u00e1cticamente est\u00e1n para terminarse, y eso nos llena de orgullo porque quiere\ndecir que vamos por el camino correcto\u00bb, finaliz\u00f3.<\/p>\n","protected":false},"excerpt":{"rendered":"<p>\u00abLa Novia Azul del R\u00edo Paraguay\u00bb es el nombre de la canci\u00f3n compuesta por m\u00fasicos y artistas formose\u00f1os que ser\u00e1 el himno de apertura de la Fiesta Nacional de la Corvina de R\u00edo, destacado megaevento a desarrollarse este fin de semana en la villa tur\u00edstica de Herradura. Fue el propio intendente de la localidad, Juan [&hellip;]<\/p>\n","protected":false},"author":11,"featured_media":34245,"comment_status":"open","ping_status":"open","sticky":false,"template":"","format":"standard","meta":{"footnotes":""},"categories":[11],"tags":[],"class_list":["post-34235","post","type-post","status-publish","format-standard","has-post-thumbnail","hentry","category-interior"],"_links":{"self":[{"href":"http:\/\/informeformosa.com.ar\/index.php?rest_route=\/wp\/v2\/posts\/34235","targetHints":{"allow":["GET"]}}],"collection":[{"href":"http:\/\/informeformosa.com.ar\/index.php?rest_route=\/wp\/v2\/posts"}],"about":[{"href":"http:\/\/informeformosa.com.ar\/index.php?rest_route=\/wp\/v2\/types\/post"}],"author":[{"embeddable":true,"href":"http:\/\/informeformosa.com.ar\/index.php?rest_route=\/wp\/v2\/users\/11"}],"replies":[{"embeddable":true,"href":"http:\/\/informeformosa.com.ar\/index.php?rest_route=%2Fwp%2Fv2%2Fcomments&post=34235"}],"version-history":[{"count":1,"href":"http:\/\/informeformosa.com.ar\/index.php?rest_route=\/wp\/v2\/posts\/34235\/revisions"}],"predecessor-version":[{"id":34246,"href":"http:\/\/informeformosa.com.ar\/index.php?rest_route=\/wp\/v2\/posts\/34235\/revisions\/34246"}],"wp:featuredmedia":[{"embeddable":true,"href":"http:\/\/informeformosa.com.ar\/index.php?rest_route=\/wp\/v2\/media\/34245"}],"wp:attachment":[{"href":"http:\/\/informeformosa.com.ar\/index.php?rest_route=%2Fwp%2Fv2%2Fmedia&parent=34235"}],"wp:term":[{"taxonomy":"category","embeddable":true,"href":"http:\/\/informeformosa.com.ar\/index.php?rest_route=%2Fwp%2Fv2%2Fcategories&post=34235"},{"taxonomy":"post_tag","embeddable":true,"href":"http:\/\/informeformosa.com.ar\/index.php?rest_route=%2Fwp%2Fv2%2Ftags&post=34235"}],"curies":[{"name":"wp","href":"https:\/\/api.w.org\/{rel}","templated":true}]}}