{"id":34234,"date":"2019-02-06T19:52:39","date_gmt":"2019-02-06T22:52:39","guid":{"rendered":"http:\/\/informeformosa.com.ar\/?p=34234"},"modified":"2019-02-06T19:53:21","modified_gmt":"2019-02-06T22:53:21","slug":"el-viernes-por-la-tarde-la-apertura-de-la-17-edicion-de-la-fiesta-de-la-corvina","status":"publish","type":"post","link":"http:\/\/informeformosa.com.ar\/?p=34234","title":{"rendered":"El viernes por la tarde la apertura de la 17\u00b0 edici\u00f3n de la Fiesta de la Corvina"},"content":{"rendered":"\n<p>Por una serie de indicadores previos, como la cantidad de inscriptos a\nlos concursos de pesca, reservas de alojamientos a full, el creciente entusiasmo\nde emprendedores que han registrado sus cantinas y parrillas para la gran\nexposici\u00f3n, marcan con elocuencia que se viene una muy buena 17\u00b0 edici\u00f3n de la Fiesta\nNacional de la Corvina de Rio. Se realizara del 8 al 10 del corriente en la\nvecina villa tur\u00edstica de Herradura, y la apertura oficial ser\u00e1 el d\u00eda viernes\nvenidero a las 19.<\/p>\n\n\n\n<p>Quien certifica los datos alentadores es el intendente herradurense Juan\nCarlos G\u00f3mez, comentando justamente que \u201cestamos trabajando fuerte en el gran\nanfiteatro natural donde se desarrollara las tres noches centrales de festival\ny la gran Exposici\u00f3n Industrial, Artesanal, Comercial, Gastron\u00f3mica y Tur\u00edstica\u201d.\nSe destacan grandes empresas de la regi\u00f3n, Misiones y Santa Fe, sum\u00e1ndose al\ngrueso de firmas formose\u00f1as.<\/p>\n\n\n\n<p>\u201cMientras muralistas por un lado y emprendedores de diferentes rubros embellecen\ny ampl\u00edan servicios y comodidades en toda nuestra villa, existe todo un\ncontexto que vaticina estaremos teniendo una de las mejores fiestas\u201d, anticipa\noptimista.<\/p>\n\n\n\n<p>Comento que en la jornada apertura ser\u00e1 el viernes por la tarde, y que\ncada noche a el festival con el ballet local y se presentara el flamante himno\nde la fiesta, luego se inician los espect\u00e1culos musicales con los n\u00fameros ya\nanunciados de acuerdo a la grilla de artistas establecida.<\/p>\n\n\n\n<p>Destaco asimismo que los varios frentes de trabajo han concluido con el\ngrueso de las labores, no solo en la zona de playa donde se cuentan las rampas\npara facilitar la bajada de lanchas, sino que adem\u00e1s se mejorado los acceso a\nlos diferentes sitios de alojamientos, como caba\u00f1as y posadas.<\/p>\n\n\n\n<p>Se estar\u00e1 desarrollando un amplio programa deportivo y entretenimientos\ndurante gran parte de la tarde en la zona de playa, sobre todo de competencias\nde v\u00f3ley playero y el \u201cCorvini\u00f1os\u201d con todo un programa para el mundo infantil.<\/p>\n\n\n\n<p><strong>Grilla de artistas<\/strong><\/p>\n\n\n\n<p>El\nd\u00eda viernes 8: La gran atracci\u00f3n es el colombiano Sebasti\u00e1n Yatra y sus \u00e9xitos del pop latino, aunque entre los\nanimadores de esta jornada apertura estar\u00e1n Festivaleros, Antonella Martinez, Amandaye, Victor\nDanieri, Inay, Oscar Teran, Enzo Romero<\/p>\n\n\n\n<p>Karen\nCantero, Gustavo Galeano y su luna payesera, Lazaro Caballero Moreno,&nbsp; Mariel Olmedo y Rocio Arellano.<\/p>\n\n\n\n<p>El\ns\u00e1bado 9: Hacheral, David Diaz Marchetto, Bruno Sanchez <\/p>\n\n\n\n<p>Acordes\ndel Alma, Romy Samaniego, Tekove, La princesita Tarragosera, Los de Imaguare,\nLos Cordilleranos, Coco Gomez, Ema Cua\u00f1eri, Mariel Otazo, Bruno S\u00e1nchez, David\nDiaz Marcheto<\/p>\n\n\n\n<p>Pilcomayo,\nLos Castillos, \u00c1ngela Leiva y La Topadora.<\/p>\n\n\n\n<p>Domingo\n10: Los hijos de los Barrios El Arisco, Mario Jazmin, Serenateros, Yanina Godoy\ny el Turco Amir se cuentan&nbsp; entre los\ngrupos destacados de ritmos como el chamame y folklore.<\/p>\n\n\n\n<p>Tina\nValdez (Pop)<\/p>\n\n\n\n<p>Quorum\n<\/p>\n\n\n\n<p>El\nFolkRock de Quorum y de Cecilia y Sr, Vinilo, el mejor rock nacional con Turf,\nFederico Baldus y Tina Valdez con el mejor pop formose\u00f1o o Los Diablitos y sus\nballenatos aparecen en la grilla dominguera.<\/p>\n\n\n\n<p>Programaci\u00f3n\ndel escenario playero anticipa para la jornada sabatina a Salamanca, La Vuelta, Luna Endiablada, Angela Garay <\/p>\n\n\n\n<p>UTC (hip hop\nformose\u00f1o) y Nde Ramirez.<\/p>\n\n\n\n<p>El domingo\n10 estar\u00e1n: Suena para vos,\nChicho Fernandez,<\/p>\n\n\n\n<p>La Calandria, Los\nMarucho, Jose Luis y los Iracundo,<\/p>\n\n\n\n<p>El Golpe y Reencuentro\nQom.<\/p>\n","protected":false},"excerpt":{"rendered":"<p>Por una serie de indicadores previos, como la cantidad de inscriptos a los concursos de pesca, reservas de alojamientos a full, el creciente entusiasmo de emprendedores que han registrado sus cantinas y parrillas para la gran exposici\u00f3n, marcan con elocuencia que se viene una muy buena 17\u00b0 edici\u00f3n de la Fiesta Nacional de la Corvina [&hellip;]<\/p>\n","protected":false},"author":11,"featured_media":34243,"comment_status":"open","ping_status":"open","sticky":false,"template":"","format":"standard","meta":{"footnotes":""},"categories":[19],"tags":[],"class_list":["post-34234","post","type-post","status-publish","format-standard","has-post-thumbnail","hentry","category-turismo"],"_links":{"self":[{"href":"http:\/\/informeformosa.com.ar\/index.php?rest_route=\/wp\/v2\/posts\/34234","targetHints":{"allow":["GET"]}}],"collection":[{"href":"http:\/\/informeformosa.com.ar\/index.php?rest_route=\/wp\/v2\/posts"}],"about":[{"href":"http:\/\/informeformosa.com.ar\/index.php?rest_route=\/wp\/v2\/types\/post"}],"author":[{"embeddable":true,"href":"http:\/\/informeformosa.com.ar\/index.php?rest_route=\/wp\/v2\/users\/11"}],"replies":[{"embeddable":true,"href":"http:\/\/informeformosa.com.ar\/index.php?rest_route=%2Fwp%2Fv2%2Fcomments&post=34234"}],"version-history":[{"count":1,"href":"http:\/\/informeformosa.com.ar\/index.php?rest_route=\/wp\/v2\/posts\/34234\/revisions"}],"predecessor-version":[{"id":34244,"href":"http:\/\/informeformosa.com.ar\/index.php?rest_route=\/wp\/v2\/posts\/34234\/revisions\/34244"}],"wp:featuredmedia":[{"embeddable":true,"href":"http:\/\/informeformosa.com.ar\/index.php?rest_route=\/wp\/v2\/media\/34243"}],"wp:attachment":[{"href":"http:\/\/informeformosa.com.ar\/index.php?rest_route=%2Fwp%2Fv2%2Fmedia&parent=34234"}],"wp:term":[{"taxonomy":"category","embeddable":true,"href":"http:\/\/informeformosa.com.ar\/index.php?rest_route=%2Fwp%2Fv2%2Fcategories&post=34234"},{"taxonomy":"post_tag","embeddable":true,"href":"http:\/\/informeformosa.com.ar\/index.php?rest_route=%2Fwp%2Fv2%2Ftags&post=34234"}],"curies":[{"name":"wp","href":"https:\/\/api.w.org\/{rel}","templated":true}]}}