{"id":34232,"date":"2019-02-06T19:46:47","date_gmt":"2019-02-06T22:46:47","guid":{"rendered":"http:\/\/informeformosa.com.ar\/?p=34232"},"modified":"2019-02-06T19:46:50","modified_gmt":"2019-02-06T22:46:50","slug":"en-reunion-de-jovenes-y-dirigentes-lomitenses-ratificaron-un-apoyo-incondicional-a-insfran","status":"publish","type":"post","link":"http:\/\/informeformosa.com.ar\/?p=34232","title":{"rendered":"En reuni\u00f3n de j\u00f3venes y dirigentes lomitenses ratificaron un \u201capoyo incondicional\u201d a Insfr\u00e1n"},"content":{"rendered":"\n<p>En la noche del\nmartes se llev\u00f3 a cabo el \u201cEncuentro de la Dirigencia y la Juventud\u201d en Las\nLomitas, ciudad del centro-oeste de la provincia que reuni\u00f3 a un centenar de\ndirigentes y militantes peronistas de toda la zona y recibi\u00f3 la visita de\ndirigentes del justicialismo provincial.<\/p>\n\n\n\n<p>El encuentro de\ncar\u00e1cter participativo cont\u00f3 con la organizaci\u00f3n de la dirigencia local del\nPartido Justicialista y el acompa\u00f1amiento de j\u00f3venes y militantes de\ntrayectoria. Se desarroll\u00f3 bajo la consigna \u201cDemostremos nuestro compromiso\n#TodosUnidos con nuestro Partido Justicialista y en apoyo a nuestro gobernador\nGildo Insfr\u00e1n\u201d.<\/p>\n\n\n\n<p>En la\noportunidad, hubo momentos de ponencias y escucha junto a dirigentes,\nmilitantes, simpatizantes, j\u00f3venes de las comunidades originarias, docentes,\ntrabajadores, militantes radicales, entre otros, en una verdadera convocatoria\nsobre la actualidad de la militancia peronista y a tono con el acompa\u00f1amiento\nindiscutible al proyecto de provincia en marcha.<\/p>\n\n\n\n<p>El intendente\nlocal Atilio Basualdo junto a los concejales Pablo Basualdo y Marcelo Lara, as\u00ed\ncomo dirigentes peronistas de Las Lomitas y la zona, estuvieron a cargo de\nrecibir la visita del presidente del Bloque de Diputados Provinciales del PJ,\nAgust\u00edn Samaniego; y del director de Asuntos Juveniles provincial, Fernando\nGalarza.<\/p>\n\n\n\n<p>\u201cCon mucha\nalegr\u00eda y un manifiesto compromiso militante, desde Las Lomitas demostramos\nnuestro incondicional apoyo a la gesti\u00f3n de gobierno que lleva adelante el\ncompa\u00f1ero gobernador Gildo Insfr\u00e1n, m\u00e1s aun en este dif\u00edcil momento que estamos\natravesando a nivel nacional\u201d, afirm\u00f3 el intendente Basualdo.<\/p>\n\n\n\n<p><strong>Hoja de ruta<\/strong><\/p>\n\n\n\n<p>Entre lo\nexpresado en la ocasi\u00f3n, hubo marcadas coincidencias en torno a la necesidad de\ncontinuar con las obras y acciones que se vienen llevando adelante en Las\nLomitas, el centro-oeste de la provincia y en todo el territorio formose\u00f1o, y\nque abarcan diferentes \u00e1reas como salud, educaci\u00f3n, seguridad, conectividad,\ncaminos, entre otros.<\/p>\n\n\n\n<p>\u201cEl proyecto de\nprovincia en el marco del Modelo Formose\u00f1o, es nuestra hoja de ruta en el\ncamino hacia la transformaci\u00f3n definitiva de nuestra provincia, por eso debemos\ndefenderlo y continuar trabajando todos unidos\u201d, aseguraron los dirigentes y\nmilitantes.<\/p>\n\n\n\n<p>As\u00ed como\nsolicitaron \u201cseguir con una militancia activa, los siete d\u00edas de la semana, no\nsolo de cara al a\u00f1o electoral que estamos comenzando, sino como parte de un\nacompa\u00f1amiento integral a cada una de las familias formose\u00f1as que por alg\u00fan\nmotivo est\u00e9n atravesando un momento de necesidad o urgencia. Tenemos que estar\nen todo momento al lado de los que m\u00e1s necesitan\u201d.<\/p>\n\n\n\n<p>Al igual\nrealizaron \u201cun llamamiento a la unidad, que es un compromiso de todos: sin\ndistinci\u00f3n de ninguna naturaleza tenemos que mantener, como siempre, abiertas\nlas puertas de nuestro proyecto pol\u00edtico, que nos incluye a todos y ya se ha\nconstituido como un patrimonio de todos los formose\u00f1os\u201d.<\/p>\n","protected":false},"excerpt":{"rendered":"<p>En la noche del martes se llev\u00f3 a cabo el \u201cEncuentro de la Dirigencia y la Juventud\u201d en Las Lomitas, ciudad del centro-oeste de la provincia que reuni\u00f3 a un centenar de dirigentes y militantes peronistas de toda la zona y recibi\u00f3 la visita de dirigentes del justicialismo provincial. El encuentro de car\u00e1cter participativo cont\u00f3 [&hellip;]<\/p>\n","protected":false},"author":11,"featured_media":34236,"comment_status":"open","ping_status":"open","sticky":false,"template":"","format":"standard","meta":{"footnotes":""},"categories":[11],"tags":[],"class_list":["post-34232","post","type-post","status-publish","format-standard","has-post-thumbnail","hentry","category-interior"],"_links":{"self":[{"href":"http:\/\/informeformosa.com.ar\/index.php?rest_route=\/wp\/v2\/posts\/34232","targetHints":{"allow":["GET"]}}],"collection":[{"href":"http:\/\/informeformosa.com.ar\/index.php?rest_route=\/wp\/v2\/posts"}],"about":[{"href":"http:\/\/informeformosa.com.ar\/index.php?rest_route=\/wp\/v2\/types\/post"}],"author":[{"embeddable":true,"href":"http:\/\/informeformosa.com.ar\/index.php?rest_route=\/wp\/v2\/users\/11"}],"replies":[{"embeddable":true,"href":"http:\/\/informeformosa.com.ar\/index.php?rest_route=%2Fwp%2Fv2%2Fcomments&post=34232"}],"version-history":[{"count":1,"href":"http:\/\/informeformosa.com.ar\/index.php?rest_route=\/wp\/v2\/posts\/34232\/revisions"}],"predecessor-version":[{"id":34237,"href":"http:\/\/informeformosa.com.ar\/index.php?rest_route=\/wp\/v2\/posts\/34232\/revisions\/34237"}],"wp:featuredmedia":[{"embeddable":true,"href":"http:\/\/informeformosa.com.ar\/index.php?rest_route=\/wp\/v2\/media\/34236"}],"wp:attachment":[{"href":"http:\/\/informeformosa.com.ar\/index.php?rest_route=%2Fwp%2Fv2%2Fmedia&parent=34232"}],"wp:term":[{"taxonomy":"category","embeddable":true,"href":"http:\/\/informeformosa.com.ar\/index.php?rest_route=%2Fwp%2Fv2%2Fcategories&post=34232"},{"taxonomy":"post_tag","embeddable":true,"href":"http:\/\/informeformosa.com.ar\/index.php?rest_route=%2Fwp%2Fv2%2Ftags&post=34232"}],"curies":[{"name":"wp","href":"https:\/\/api.w.org\/{rel}","templated":true}]}}