{"id":34209,"date":"2019-02-05T20:18:34","date_gmt":"2019-02-05T23:18:34","guid":{"rendered":"http:\/\/informeformosa.com.ar\/?p=34209"},"modified":"2019-02-05T20:18:37","modified_gmt":"2019-02-05T23:18:37","slug":"formosa-comenzo-a-vivir-la-fiesta-de-los-carnavales","status":"publish","type":"post","link":"http:\/\/informeformosa.com.ar\/?p=34209","title":{"rendered":"Formosa comenz\u00f3 a vivir la fiesta de los Carnavales"},"content":{"rendered":"\n<p>Formosa ya comenz\u00f3 a disfrutar de la\nfiesta popular de mayor tradici\u00f3n del verano: Los carnavales y todo un\ndespliegue de ritmo, color y alegr\u00eda, que tuvo su puntapi\u00e9 inicial en Villafa\u00f1e\ny continuara este fin de semana en Ibarreta, Las Lomitas y continuara en una\nveintena de pueblos del interior y esta capital.<\/p>\n\n\n\n<p>Justamente desde la organizaci\u00f3n de\nlos corsos barriales, populares, participativos, inclusivos, solidarios y\ngratuitos de esta capital en su edici\u00f3n 2019, se muestran entusiasmados y\noptimistas, y convencidos que el p\u00fablico como lo hizo a\u00f1os anteriores,\nacompa\u00f1ara popularmente la fiesta. <\/p>\n\n\n\n<p>El distintivo de que estos corsos\nformose\u00f1os van a los barrios, lejos de la faz comercial, y el car\u00e1cter de\nfiesta total recrea a Formosa como \u201cCapital nacional de la alegr\u00eda\u201d. <\/p>\n\n\n\n<p>H\u00e9ctor Gallardo, Ang\u00e9lica Garc\u00eda,\nHugo Jara y Jorge Far\u00edas, miembros de la organizaci\u00f3n de los corsos de nuestra\nciudad, expusieron que \u201clos grandes protagonistas son las familias involucradas\nen las comparsas y el pueblo que con su multitudinaria presencia recrea todo un\nmovimiento social\u201d. Lo hicieron en el marco de un programa televisivo especial\npara promocionar los carnavales que comenz\u00f3 a emitirse por la Red de Medios\ndesde este martes.<\/p>\n\n\n\n<p>Ponderaron que detr\u00e1s de cada comparsa,\narmando las carrozas y organizando los grupos que bailan al ritmo de las\nbatucadas, est\u00e1n much\u00edsimas familias que trabajan durante varios meses. Participan\nactivamente como costureras, dibujantes, dise\u00f1adoras, artesanos y artistas,\nmoldean los materiales de carrozas y elaboran las coloridas vestimentas,\nestandartes y todo lo que haga al brillo de cada escuadra. &nbsp;Se suman quienes preparan las coreograf\u00edas de bailarines\nque deslumbran con sus trajes de lentejuelas y plumas que desfilaran en los\nimprovisados corsodromos, o siendo parte de murgas, bandas y carrozas.<\/p>\n\n\n\n<p>La alegor\u00eda para este a\u00f1o: \u201cLo que\nviene es mejor\u201d, busca contagiar la fe y alegr\u00eda de que aun en este escenario\nnacional complejo, hay una firme decisi\u00f3n en alentar a los formose\u00f1os a qie\n\u201clos pueblos tristes no triunfan\u201d.<\/p>\n\n\n\n<p>La noche apertura ser\u00e1 el jueves 28 de febrero en\nla Nueva Formosa, luego el viernes 1\u00b0 de marzo en la jurisdicci\u00f3n Cinco, la\ntercera jornada ser\u00e1 el s\u00e1bado 2 en el corsodromo sobre la avenida Juan Domingo\nPer\u00f3n, posteriormente se trasladara a la avenida N\u00e9stor Kirchner el domingo 3\nde marzo y finalmente la noche cierre del lunes 4 de marzo en la avenida\nGobernador Gutnisky.<\/p>\n\n\n\n<p>Respecto al expendio de bebidas se ratifico: \u201cLa bebida\noficial es el terer\u00e9, porque la puede tomar cualquiera y forma parte de nuestra\ncultura. Los formose\u00f1os sabemos organizarnos para cuidar nuestra alegr\u00eda y\ntambi\u00e9n para defender este presente de realizaciones\u201d.<\/p>\n","protected":false},"excerpt":{"rendered":"<p>Formosa ya comenz\u00f3 a disfrutar de la fiesta popular de mayor tradici\u00f3n del verano: Los carnavales y todo un despliegue de ritmo, color y alegr\u00eda, que tuvo su puntapi\u00e9 inicial en Villafa\u00f1e y continuara este fin de semana en Ibarreta, Las Lomitas y continuara en una veintena de pueblos del interior y esta capital. Justamente [&hellip;]<\/p>\n","protected":false},"author":11,"featured_media":34218,"comment_status":"open","ping_status":"open","sticky":false,"template":"","format":"standard","meta":{"footnotes":""},"categories":[2],"tags":[],"class_list":["post-34209","post","type-post","status-publish","format-standard","has-post-thumbnail","hentry","category-locales"],"_links":{"self":[{"href":"http:\/\/informeformosa.com.ar\/index.php?rest_route=\/wp\/v2\/posts\/34209","targetHints":{"allow":["GET"]}}],"collection":[{"href":"http:\/\/informeformosa.com.ar\/index.php?rest_route=\/wp\/v2\/posts"}],"about":[{"href":"http:\/\/informeformosa.com.ar\/index.php?rest_route=\/wp\/v2\/types\/post"}],"author":[{"embeddable":true,"href":"http:\/\/informeformosa.com.ar\/index.php?rest_route=\/wp\/v2\/users\/11"}],"replies":[{"embeddable":true,"href":"http:\/\/informeformosa.com.ar\/index.php?rest_route=%2Fwp%2Fv2%2Fcomments&post=34209"}],"version-history":[{"count":1,"href":"http:\/\/informeformosa.com.ar\/index.php?rest_route=\/wp\/v2\/posts\/34209\/revisions"}],"predecessor-version":[{"id":34219,"href":"http:\/\/informeformosa.com.ar\/index.php?rest_route=\/wp\/v2\/posts\/34209\/revisions\/34219"}],"wp:featuredmedia":[{"embeddable":true,"href":"http:\/\/informeformosa.com.ar\/index.php?rest_route=\/wp\/v2\/media\/34218"}],"wp:attachment":[{"href":"http:\/\/informeformosa.com.ar\/index.php?rest_route=%2Fwp%2Fv2%2Fmedia&parent=34209"}],"wp:term":[{"taxonomy":"category","embeddable":true,"href":"http:\/\/informeformosa.com.ar\/index.php?rest_route=%2Fwp%2Fv2%2Fcategories&post=34209"},{"taxonomy":"post_tag","embeddable":true,"href":"http:\/\/informeformosa.com.ar\/index.php?rest_route=%2Fwp%2Fv2%2Ftags&post=34209"}],"curies":[{"name":"wp","href":"https:\/\/api.w.org\/{rel}","templated":true}]}}