{"id":22164,"date":"2018-01-13T19:21:10","date_gmt":"2018-01-13T22:21:10","guid":{"rendered":"http:\/\/informeformosa.com.ar\/?p=22164"},"modified":"2018-01-13T19:21:10","modified_gmt":"2018-01-13T22:21:10","slug":"emotiva-apertura-de-la-segunda-edicion-de-la-fiesta-internacional-del-rio-mate-y-terere","status":"publish","type":"post","link":"http:\/\/informeformosa.com.ar\/?p=22164","title":{"rendered":"Emotiva apertura de la segunda edici\u00f3n de la Fiesta Internacional del R\u00edo, Mate y Terer\u00e9"},"content":{"rendered":"<p>Con un buen marco de p\u00fablico y una magn\u00edfica puesta en escena, qued\u00f3 inaugurada, en la noche del viernes, en el Paseo Ferroviario, la 2\u00aa edici\u00f3n de la Fiesta Internacional del R\u00edo, Mate y Terer\u00e9, organizada por la Subsecretar\u00eda de Deporte, Cultura y Turismo de la Municipalidad de la Ciudad.<\/p>\n<p>Estuvieron presentes, el Presidente del Honorable Concejo Deliberante, Dar\u00edo Di Martino, el Jefe de Gabinete municipal, Dr. Mauricio Nadalich, el Secretario Legislativo, Dr. Lorenz Booman, la concejal justicialista, \u00a0Gabriela Neme, el subsecretario de Cultura de la Provincia, Alfredo Jara, el subsecretario de Deporte, Cultura y Turismo de la Comuna, Jos\u00e9 Delguy, la directora de Turismo, Cristina Salom\u00f3n, el representante del consulado del Paraguay en Formosa, Jos\u00e9 Olite, miembros de las fuerzas policiales y de seguridad, funcionarios comunales e invitados especiales.<\/p>\n<p>Al referirse a la inauguraci\u00f3n del evento, Cristina Salom\u00f3n expres\u00f3 \u201crealmente esto es muy emotivo, porque estamos dando inicio a una nueva edici\u00f3n de esta fiesta que nos identifica a los formose\u00f1os. Quiero agradecer al impulsor de esta idea, el intendente Jorge Jofr\u00e9, y la permanente colaboraci\u00f3n que recibimos por parte de nuestro gobernador, el Dr. Gildo Insfr\u00e1n. Agradecer, adem\u00e1s, a todos los que nos ayudaron para hacer realidad este sue\u00f1o, a los artistas, a los feriantes, a los emprendedores y al p\u00fablico presente. S\u00f3lo pido que disfrutemos todos de esta gran fiesta, mostrando al mundo las bondades de nuestra hermosa ciudad\u201d.<\/p>\n<p>A continuaci\u00f3n, desfilaron por el escenario diferentes grupos de danzas y consagrados artistas locales, nacionales e internacionales. Abri\u00f3 la fiesta el grupo Sinestesia y el cantante Juan Fern\u00e1ndez interpret\u00f3 la canci\u00f3n oficial del evento.<\/p>\n<p>Luego, de acuerdo al programa inicial, se presentaban Pe\u00f1a el Saber de mi Pueblo, Alpamisqui, la Delegaci\u00f3n de Danzas de Alberdi, Rep. del Paraguay, Los Beltr\u00e1n, Marisol Otazo, Grupo Templanza, Costado Norte y M\u00e1ster Cumbia.<\/p>\n<p>A pesar de las inclemencias clim\u00e1ticas fue numerosa la concurrencia de p\u00fablico que presenci\u00f3 la primera de las tres noches de este mega evento que ofrece espect\u00e1culos musicales, un magn\u00edfico patio gastron\u00f3mico, con comidas t\u00edpicas y los infaltables fast foods, un atractivo parque de diversiones, muestras art\u00edsticas y culturales y numerosas actividades recreativas y deportivas que se desarrollar\u00e1n durante el s\u00e1bado y domingo en las aguas del majestuoso r\u00edo Paraguay.<\/p>\n","protected":false},"excerpt":{"rendered":"<p>Con un buen marco de p\u00fablico y una magn\u00edfica puesta en escena, qued\u00f3 inaugurada, en la noche del viernes, en el Paseo Ferroviario, la 2\u00aa edici\u00f3n de la Fiesta Internacional del R\u00edo, Mate y Terer\u00e9, organizada por la Subsecretar\u00eda de Deporte, Cultura y Turismo de la Municipalidad de la Ciudad. Estuvieron presentes, el Presidente del [&hellip;]<\/p>\n","protected":false},"author":11,"featured_media":22169,"comment_status":"open","ping_status":"open","sticky":false,"template":"","format":"standard","meta":{"footnotes":""},"categories":[2],"tags":[],"class_list":["post-22164","post","type-post","status-publish","format-standard","has-post-thumbnail","hentry","category-locales"],"_links":{"self":[{"href":"http:\/\/informeformosa.com.ar\/index.php?rest_route=\/wp\/v2\/posts\/22164","targetHints":{"allow":["GET"]}}],"collection":[{"href":"http:\/\/informeformosa.com.ar\/index.php?rest_route=\/wp\/v2\/posts"}],"about":[{"href":"http:\/\/informeformosa.com.ar\/index.php?rest_route=\/wp\/v2\/types\/post"}],"author":[{"embeddable":true,"href":"http:\/\/informeformosa.com.ar\/index.php?rest_route=\/wp\/v2\/users\/11"}],"replies":[{"embeddable":true,"href":"http:\/\/informeformosa.com.ar\/index.php?rest_route=%2Fwp%2Fv2%2Fcomments&post=22164"}],"version-history":[{"count":0,"href":"http:\/\/informeformosa.com.ar\/index.php?rest_route=\/wp\/v2\/posts\/22164\/revisions"}],"wp:featuredmedia":[{"embeddable":true,"href":"http:\/\/informeformosa.com.ar\/index.php?rest_route=\/wp\/v2\/media\/22169"}],"wp:attachment":[{"href":"http:\/\/informeformosa.com.ar\/index.php?rest_route=%2Fwp%2Fv2%2Fmedia&parent=22164"}],"wp:term":[{"taxonomy":"category","embeddable":true,"href":"http:\/\/informeformosa.com.ar\/index.php?rest_route=%2Fwp%2Fv2%2Fcategories&post=22164"},{"taxonomy":"post_tag","embeddable":true,"href":"http:\/\/informeformosa.com.ar\/index.php?rest_route=%2Fwp%2Fv2%2Ftags&post=22164"}],"curies":[{"name":"wp","href":"https:\/\/api.w.org\/{rel}","templated":true}]}}