{"id":22157,"date":"2018-01-13T19:12:58","date_gmt":"2018-01-13T22:12:58","guid":{"rendered":"http:\/\/informeformosa.com.ar\/?p=22157"},"modified":"2018-01-13T19:12:58","modified_gmt":"2018-01-13T22:12:58","slug":"se-cosecharon-los-primeros-lotes-de-maiz-en-la-provincia","status":"publish","type":"post","link":"http:\/\/informeformosa.com.ar\/?p=22157","title":{"rendered":"Se cosecharon los primeros lotes de ma\u00edz en la provincia"},"content":{"rendered":"<p>Familias productoras de colonias rurales del sur provincial, como El Cruce y Santa Marina, jurisdicci\u00f3n de la localidad de Villafa\u00f1e, se adelantaron a la temporada de cosecha 2018 del cultivo del ma\u00edz y dieron los primeros resultados de una campa\u00f1a agr\u00edcola que se anticipa como muy buena.<\/p>\n<p>\u201cSe trata de lotes que se hab\u00edan sembrado a principios de agosto del a\u00f1o pasado, cuyos productores se adelantan en algunas semanas a la cosecha general, que pr\u00f3ximamente alcanzar\u00e1 al total de 1000 hect\u00e1reas de ma\u00edz en la zona\u201d, explic\u00f3 Cristian Senger, t\u00e9cnico del ministerio de la Producci\u00f3n y Ambiente (MPyA).<\/p>\n<p>\u201cNosotros acompa\u00f1amos en la preparaci\u00f3n de suelo y la delegaci\u00f3n local del MPyA contin\u00faa con lo t\u00e9cnico, semillas y paquetes tecnol\u00f3gicos. Estamos contentos con los resultados y agradecemos tambi\u00e9n a la m\u00e1quina nueva que vino a prestar servicio por 30 d\u00edas desde Misi\u00f3n Tacaagl\u00e9\u201d, asegur\u00f3 el intendente local Hugo Onisinchuk.<\/p>\n<p><strong>\u00a0<\/strong><\/p>\n<p><strong><u>Productores<\/u><\/strong><\/p>\n<p>&nbsp;<\/p>\n<p>En la colonia Santa Marina, el productor Vicente Guti\u00e9rrez cont\u00f3 que \u201cestos lotes son de ma\u00edz colorado, sembr\u00e9 20 hect\u00e1reas y la preparaci\u00f3n de la tierra la hice con mi hijo. Desde el Gobierno Provincial me ayudaron con las semillas y lo que nosotros decimos matayuyos, porque sin los paquetes tecnol\u00f3gicos no es f\u00e1cil mantener el campo en condiciones, antes lo hac\u00edamos carpiendo\u201d.<\/p>\n<p>Sobre el paso siguiente a la cosecha, Guti\u00e9rrez dijo que todav\u00eda resta pesar para saber el rendimiento y la venta que la hace en la zona: \u201cVendo en esta zona de Villafa\u00f1e y Laish\u00ed.\u00a0 Este ma\u00edz es el que se usa como alimento para los animales o hacen molida\u201d.<\/p>\n<p>Mientras que en la Colonia El Cruce el productor Walter Cococcioni detall\u00f3 que \u201ctenemos para cosechar cerca de 70 hect\u00e1reas, unas 50 de ma\u00edz colorado y unas 20 de amarillo. El colorado est\u00e1 en unos 4 o 5 mil kilos el rinde. Los resultados son muy buenos para la zona, son muy buenos para m\u00ed\u201d.<\/p>\n<p><strong>\u00a0<\/strong><\/p>\n<p><strong><u>Acompa\u00f1amiento<\/u><\/strong><\/p>\n<p>&nbsp;<\/p>\n<p>Acerca de c\u00f3mo es el acompa\u00f1amiento del Estado provincial, Cococcioni coincidi\u00f3 en que \u201cal ser productor mediano la relaci\u00f3n es diferente, nosotros los necesitamos para que nos asesoren en algo y los buscamos. Por ah\u00ed hacemos alg\u00fan cambio de mercader\u00eda que nos convenga a ambos, como semillas y eso es una gran ayuda para nosotros\u201d.<\/p>\n<p>Resalt\u00f3 que \u201cla asesor\u00eda es importante, porque yo aprend\u00ed estando en el campo, siendo r\u00fastico. En cambio ahora los ingenieros y t\u00e9cnicos nos ayudan mucho dici\u00e9ndonos cu\u00e1ndo y c\u00f3mo matar a las malezas y bichos como el cogollero, como nosotros lo conocemos\u201d.<\/p>\n<p>Asever\u00f3 que \u201cla venta en mi caso tambi\u00e9n es local. Y ac\u00e1 es muy importante la mano del Gobierno. Este ma\u00edz se vende r\u00e1pido al salir unos 20 o 15 d\u00edas antes de los dem\u00e1s y esa es la picard\u00eda del productor. Tratar de salir primero\u201d.<\/p>\n<p>Se refiri\u00f3 tambi\u00e9n el agregado de valor que lo realizan en la familia: \u201cVendemos todo el ma\u00edz colorado y con el amarillo hacemos harina de ma\u00edz para hacer la sopa paraguaya. Lo elaboramos con una m\u00e1quina de moler, lo envasamos y distribuimos en el mercado central de Formosa y despu\u00e9s ac\u00e1 en los comercios\u201d.<\/p>\n","protected":false},"excerpt":{"rendered":"<p>Familias productoras de colonias rurales del sur provincial, como El Cruce y Santa Marina, jurisdicci\u00f3n de la localidad de Villafa\u00f1e, se adelantaron a la temporada de cosecha 2018 del cultivo del ma\u00edz y dieron los primeros resultados de una campa\u00f1a agr\u00edcola que se anticipa como muy buena. \u201cSe trata de lotes que se hab\u00edan sembrado [&hellip;]<\/p>\n","protected":false},"author":11,"featured_media":22163,"comment_status":"open","ping_status":"open","sticky":false,"template":"","format":"standard","meta":{"footnotes":""},"categories":[13],"tags":[],"class_list":["post-22157","post","type-post","status-publish","format-standard","has-post-thumbnail","hentry","category-produccion"],"_links":{"self":[{"href":"http:\/\/informeformosa.com.ar\/index.php?rest_route=\/wp\/v2\/posts\/22157","targetHints":{"allow":["GET"]}}],"collection":[{"href":"http:\/\/informeformosa.com.ar\/index.php?rest_route=\/wp\/v2\/posts"}],"about":[{"href":"http:\/\/informeformosa.com.ar\/index.php?rest_route=\/wp\/v2\/types\/post"}],"author":[{"embeddable":true,"href":"http:\/\/informeformosa.com.ar\/index.php?rest_route=\/wp\/v2\/users\/11"}],"replies":[{"embeddable":true,"href":"http:\/\/informeformosa.com.ar\/index.php?rest_route=%2Fwp%2Fv2%2Fcomments&post=22157"}],"version-history":[{"count":0,"href":"http:\/\/informeformosa.com.ar\/index.php?rest_route=\/wp\/v2\/posts\/22157\/revisions"}],"wp:featuredmedia":[{"embeddable":true,"href":"http:\/\/informeformosa.com.ar\/index.php?rest_route=\/wp\/v2\/media\/22163"}],"wp:attachment":[{"href":"http:\/\/informeformosa.com.ar\/index.php?rest_route=%2Fwp%2Fv2%2Fmedia&parent=22157"}],"wp:term":[{"taxonomy":"category","embeddable":true,"href":"http:\/\/informeformosa.com.ar\/index.php?rest_route=%2Fwp%2Fv2%2Fcategories&post=22157"},{"taxonomy":"post_tag","embeddable":true,"href":"http:\/\/informeformosa.com.ar\/index.php?rest_route=%2Fwp%2Fv2%2Ftags&post=22157"}],"curies":[{"name":"wp","href":"https:\/\/api.w.org\/{rel}","templated":true}]}}