{"id":22138,"date":"2018-01-12T19:21:41","date_gmt":"2018-01-12T22:21:41","guid":{"rendered":"http:\/\/informeformosa.com.ar\/?p=22138"},"modified":"2018-01-12T19:21:41","modified_gmt":"2018-01-12T22:21:41","slug":"cerro-primer-modulo-de-la-colonia-de-vacaciones-en-paraiso-de-los-ninos","status":"publish","type":"post","link":"http:\/\/informeformosa.com.ar\/?p=22138","title":{"rendered":"Cerro primer modulo de la colonia de vacaciones en Para\u00edso de los Ni\u00f1os"},"content":{"rendered":"<p>Con la alegr\u00eda propia de la ni\u00f1ez, cerr\u00f3 este viernes el primer modulo de la colonia de vacaciones en el complejo del Para\u00edso de los Ni\u00f1os. Juegos bailes y payasos animando a los infantes, que adem\u00e1s participaron de de bicicletas, gorros, musculosas, pelotas, mochilas y ri\u00f1oneras, formaron parte del fin de primer modulo que reuni\u00f3 a chicos de los barrios Guadalupe, La Negrita, 7 de noviembre,\u00a0\u00a0 Parque Urbano,\u00a0 Itati , Lote 68 e Independencia. Tambi\u00e9n se sumo un contingente proveniente de Misi\u00f3n Laishi que disfrutaron de paseos y todo un programa especial de esparcimiento durante su estada en esta ciudad.<\/p>\n<p>Entrega de kits de salud bucal, el refrescar y jugar en la pileta, y el servicio de refrigerio, precedi\u00f3 al encuentro final de sorteos. Justamente este gratificante momento tuvo entre sus participantes a legisladores provinciales como Eber Solis y comunales caso Hugo Garc\u00eda y Adrian Muracciole, el administrador del IAS, Edgar P\u00e9rez, j\u00f3venes dirigentes sociales como Yanina Insfran.<\/p>\n<p>En la colonia, los ni\u00f1os disfrutan de actividades recreativas, un refrigerio, talleres, despu\u00e9s el plato fuerte que son los natatorios, y poco antes del mediod\u00eda son regresados a sus barrios. Asimismo se propiciaran los talleres formativos referidos a educaci\u00f3n vial, la buena alimentaci\u00f3n, el cuidado del cuerpo y prevenci\u00f3n en adicciones.<\/p>\n<p>Hay un equipo conformado por profesores, guardavidas, el personal del complejo del Parque Infantil y hasta la polic\u00eda en las inmediaciones por seguridad. Incluso hasta los mismos padres acompa\u00f1an a muchos de los chicos y tambi\u00e9n colaboran en todos los aspectos organizativos.<\/p>\n","protected":false},"excerpt":{"rendered":"<p>Con la alegr\u00eda propia de la ni\u00f1ez, cerr\u00f3 este viernes el primer modulo de la colonia de vacaciones en el complejo del Para\u00edso de los Ni\u00f1os. Juegos bailes y payasos animando a los infantes, que adem\u00e1s participaron de de bicicletas, gorros, musculosas, pelotas, mochilas y ri\u00f1oneras, formaron parte del fin de primer modulo que reuni\u00f3 [&hellip;]<\/p>\n","protected":false},"author":11,"featured_media":22144,"comment_status":"open","ping_status":"open","sticky":false,"template":"","format":"standard","meta":{"footnotes":""},"categories":[2],"tags":[],"class_list":["post-22138","post","type-post","status-publish","format-standard","has-post-thumbnail","hentry","category-locales"],"_links":{"self":[{"href":"http:\/\/informeformosa.com.ar\/index.php?rest_route=\/wp\/v2\/posts\/22138","targetHints":{"allow":["GET"]}}],"collection":[{"href":"http:\/\/informeformosa.com.ar\/index.php?rest_route=\/wp\/v2\/posts"}],"about":[{"href":"http:\/\/informeformosa.com.ar\/index.php?rest_route=\/wp\/v2\/types\/post"}],"author":[{"embeddable":true,"href":"http:\/\/informeformosa.com.ar\/index.php?rest_route=\/wp\/v2\/users\/11"}],"replies":[{"embeddable":true,"href":"http:\/\/informeformosa.com.ar\/index.php?rest_route=%2Fwp%2Fv2%2Fcomments&post=22138"}],"version-history":[{"count":0,"href":"http:\/\/informeformosa.com.ar\/index.php?rest_route=\/wp\/v2\/posts\/22138\/revisions"}],"wp:featuredmedia":[{"embeddable":true,"href":"http:\/\/informeformosa.com.ar\/index.php?rest_route=\/wp\/v2\/media\/22144"}],"wp:attachment":[{"href":"http:\/\/informeformosa.com.ar\/index.php?rest_route=%2Fwp%2Fv2%2Fmedia&parent=22138"}],"wp:term":[{"taxonomy":"category","embeddable":true,"href":"http:\/\/informeformosa.com.ar\/index.php?rest_route=%2Fwp%2Fv2%2Fcategories&post=22138"},{"taxonomy":"post_tag","embeddable":true,"href":"http:\/\/informeformosa.com.ar\/index.php?rest_route=%2Fwp%2Fv2%2Ftags&post=22138"}],"curies":[{"name":"wp","href":"https:\/\/api.w.org\/{rel}","templated":true}]}}