{"id":22135,"date":"2018-01-12T19:18:05","date_gmt":"2018-01-12T22:18:05","guid":{"rendered":"http:\/\/informeformosa.com.ar\/?p=22135"},"modified":"2018-01-12T19:18:05","modified_gmt":"2018-01-12T22:18:05","slug":"caso-johan-el-nino-logro-caminar-solo-y-continua-mejoria-en-el-hospital-distrital-8","status":"publish","type":"post","link":"http:\/\/informeformosa.com.ar\/?p=22135","title":{"rendered":"Caso Johan: el ni\u00f1o logr\u00f3 caminar s\u00f3lo y contin\u00faa mejor\u00eda en el Hospital Distrital 8"},"content":{"rendered":"<p>Johan es un ni\u00f1o de 5 a\u00f1os que naci\u00f3 con encefalopat\u00eda cr\u00f3nica no evolutiva, que reci\u00e9n fue detectada a los 8 meses de vida, cuando no se sentaba ni lograba endurecer el cuello. Hoy, gracias al tratamiento que recibe en el Hospital Distrital 8 puede caminar solo.<\/p>\n<p>A partir del momento en que recibi\u00f3 el diagn\u00f3stico su madre movi\u00f3 cielo y tierra para darle una mejor calidad de vida y con una meta en especial: que pueda caminar.<\/p>\n<p>Liva destac\u00f3 que desde Julio de este a\u00f1o acuden al distrital 8 recomendados por una amiga y que su hijo tuvo un gran cambio. \u201cDesde que llegamos a este servicio no ha parado de progresar m\u00e1s y m\u00e1s cada d\u00eda, ya ha logrado caminar solo, porque antes lo hac\u00eda con un andador. Hace pocos d\u00edas lo vio su m\u00e9dico de Bs As y se sorprendi\u00f3 much\u00edsimo de verlo tan bien, y caminando sin ayuda de su andador\u201d.<\/p>\n<p>\u201cSi bien es cierto que al llegar a este servicio Johan ya se paraba y se sentaba, no caminaba solo pero a las dos semanas de empezar Johan no solo camina solo sino que tambi\u00e9n juega al futbol con su pap\u00e1. Johan se siente feliz, y muchas veces me pregunta si yo estoy feliz por lo que \u00e9l est\u00e1 logrando, es un ni\u00f1o muy despierto y se da cuenta de todo\u201d, cont\u00f3 con alegr\u00eda.<\/p>\n<p>&nbsp;<\/p>\n<p><strong>Tratamiento <\/strong><\/p>\n<p>&nbsp;<\/p>\n<p>El licenciado en kinesiolog\u00eda Mart\u00edn Viera explic\u00f3 el procedimiento realizado con Johan: \u201cEl ni\u00f1o ingresa, en julio de este a\u00f1o, como todos los pacientes a trav\u00e9s de un pedido de interconsulta de la fisiatra. Viene caminando con un andador. As\u00ed que lo primero fue asesorarles a los padres porque contaban con poco equipamiento y poco recomendaciones\u201d, dijo.<\/p>\n<p>\u201cMe contaron por todo lo que hab\u00edan pasado, las cirug\u00edas a Johan y eso fue lo que nos guio en el tratamiento que \u00edbamos a empezar. Una vez que iniciamos, Johan nos iba contando que lo que m\u00e1s le costaba era pararse porque le dol\u00edan los pies, as\u00ed que los primeros meses nos centramos en sacarle ese dolor para luego seguir con la neurorehabilitaci\u00f3n\u201d.<\/p>\n<p>Expuso en el relato que \u201cdesde entonces se not\u00f3 mucho los avances; esto no es solo un trabajo de nuestro equipo sino tambi\u00e9n de la familia, porque en todo momento est\u00e1 a su lado, lo contiene, lo ayuda y lo acompa\u00f1a\u201d, explic\u00f3.<\/p>\n<p>Johan era un ni\u00f1o que ten\u00eda miedo al caminar, siempre camino con equipamiento y hoy en d\u00eda camina normalmente, sin ayuda de nadie.<\/p>\n<p>&nbsp;<\/p>\n<p><strong>Su padre<\/strong><\/p>\n<p><strong>\u00a0<\/strong><\/p>\n<p>Por su parte, el pap\u00e1 de Johan, Martin S\u00e1nchez, coment\u00f3: \u201cEstoy muy feliz por el progreso de mi hijo, hay que reconocer que esto es un largo proceso, Johan no tiene descanso, ni una vida normal, como otro ni\u00f1o pero \u00e9l sabe que todo esto es para su bien, que su esfuerzo est\u00e1 teniendo muchas recompensas y el mismo lo nota, todos los d\u00edas dice que est\u00e1 feliz porque ahora puede caminar y jugar a la pelota conmigo, ese era su sue\u00f1o y ya lo hizo realidad\u201d.<\/p>\n<p>&nbsp;<\/p>\n<p><strong>Su historia<\/strong><\/p>\n<p>&nbsp;<\/p>\n<p>Este es el relato en primera persona de Andrea Liva y su lucha por lograr que su hijo camine.<\/p>\n<p>\u201cTengo un hijo de 5 a\u00f1os que se llama Johan. Naci\u00f3 por ces\u00e1rea programada a las 38 semanas, peso 4 kilos 400 gramos, no fue a incubadora pero lo que si pas\u00f3 fue que al nacer no llor\u00f3.<\/p>\n<p>Paso 6 meses de nacer y \u00e9l era un beb\u00e9 totalmente normal, muy bueno y tranquilo. Despu\u00e9s de los 6 meses me empiezo a dar cuenta que Johan no hacia determinados movimientos que son normales en los beb\u00e9s a esa edad. Si bien no todos son iguales pero yo notaba en el que era demasiado quieto y tranquilo.<\/p>\n<p>Pasaron los d\u00edas y cuando ten\u00eda 8 meses el todav\u00eda no se sentaba, ni siquiera con almohadones, no sosten\u00eda bien su cabecita. Cambio de pediatra y en la primer consulta con \u00e9l me dice que\u00a0 no es normal que mi hijo a\u00fan no se siente, urgente me deriva con el neur\u00f3logo infantil quien me dice que mi hijo tiene una par\u00e1lisis cerebral, que se llama: encefalopat\u00eda cr\u00f3nica no evolutiva. Tiene un peque\u00f1o da\u00f1o cerebral que le afecta lo motriz.<\/p>\n<p>Cont\u00f3 que Johan cognitivamente est\u00e1 perfectamente, seg\u00fan la psic\u00f3loga su nivel mental es de un ni\u00f1o de 9 a\u00f1os. \u201c\u00c9l es un ni\u00f1o muy inteligente, sabe todo lo que tiene, te cuenta qu\u00e9 le pasa, conoce el nombre de todos sus doctores de Bs As y los de ac\u00e1, va al jard\u00edn desde los tres a\u00f1os, tiene muchas ganas de vivir y entusiasmo por la vida. Desde los dos a\u00f1os empezaron con las cirug\u00edas en Buenos Aires y ya lleva 6 en total, los controles se realiza ac\u00e1 en Formosa\u201d, asegur\u00f3.<\/p>\n<p>En un primer momento todos los m\u00e9dicos me dijeron que con su patolog\u00eda los peque\u00f1os caminan con ayuda ortop\u00e9dica, con mucha estimulaci\u00f3n y de la constancia del tratamiento.<\/p>\n<p>Por el me dec\u00edan que si va a caminar pero si o si con ayuda ortop\u00e9dica, es decir con andador y bipedestador; en realidad c\u00f3mo \u00e9l est\u00e1 hoy no era lo previsto\u201d.<\/p>\n<p>La mujer cerr\u00f3 diciendo que la gran evoluci\u00f3n not\u00f3 a partir de los cuidados que le dieron a su hijo en el Hospital Distrital 8, es por eso que carga con enormes sentimientos de agradecimiento por la ayuda recibida.<\/p>\n","protected":false},"excerpt":{"rendered":"<p>Johan es un ni\u00f1o de 5 a\u00f1os que naci\u00f3 con encefalopat\u00eda cr\u00f3nica no evolutiva, que reci\u00e9n fue detectada a los 8 meses de vida, cuando no se sentaba ni lograba endurecer el cuello. Hoy, gracias al tratamiento que recibe en el Hospital Distrital 8 puede caminar solo. A partir del momento en que recibi\u00f3 el [&hellip;]<\/p>\n","protected":false},"author":11,"featured_media":22140,"comment_status":"open","ping_status":"open","sticky":false,"template":"","format":"standard","meta":{"footnotes":""},"categories":[12],"tags":[],"class_list":["post-22135","post","type-post","status-publish","format-standard","has-post-thumbnail","hentry","category-salud"],"_links":{"self":[{"href":"http:\/\/informeformosa.com.ar\/index.php?rest_route=\/wp\/v2\/posts\/22135","targetHints":{"allow":["GET"]}}],"collection":[{"href":"http:\/\/informeformosa.com.ar\/index.php?rest_route=\/wp\/v2\/posts"}],"about":[{"href":"http:\/\/informeformosa.com.ar\/index.php?rest_route=\/wp\/v2\/types\/post"}],"author":[{"embeddable":true,"href":"http:\/\/informeformosa.com.ar\/index.php?rest_route=\/wp\/v2\/users\/11"}],"replies":[{"embeddable":true,"href":"http:\/\/informeformosa.com.ar\/index.php?rest_route=%2Fwp%2Fv2%2Fcomments&post=22135"}],"version-history":[{"count":0,"href":"http:\/\/informeformosa.com.ar\/index.php?rest_route=\/wp\/v2\/posts\/22135\/revisions"}],"wp:featuredmedia":[{"embeddable":true,"href":"http:\/\/informeformosa.com.ar\/index.php?rest_route=\/wp\/v2\/media\/22140"}],"wp:attachment":[{"href":"http:\/\/informeformosa.com.ar\/index.php?rest_route=%2Fwp%2Fv2%2Fmedia&parent=22135"}],"wp:term":[{"taxonomy":"category","embeddable":true,"href":"http:\/\/informeformosa.com.ar\/index.php?rest_route=%2Fwp%2Fv2%2Fcategories&post=22135"},{"taxonomy":"post_tag","embeddable":true,"href":"http:\/\/informeformosa.com.ar\/index.php?rest_route=%2Fwp%2Fv2%2Ftags&post=22135"}],"curies":[{"name":"wp","href":"https:\/\/api.w.org\/{rel}","templated":true}]}}