{"id":22121,"date":"2018-01-11T20:22:08","date_gmt":"2018-01-11T23:22:08","guid":{"rendered":"http:\/\/informeformosa.com.ar\/?p=22121"},"modified":"2018-01-11T20:22:08","modified_gmt":"2018-01-11T23:22:08","slug":"apertura-de-la-segunda-edicion-del-torneo-de-verano-formo-joven","status":"publish","type":"post","link":"http:\/\/informeformosa.com.ar\/?p=22121","title":{"rendered":"Apertura de la segunda edici\u00f3n del torneo de verano \u201cFormo-Joven\u201d"},"content":{"rendered":"<p>El gobierno provincial trav\u00e9s de la direcci\u00f3n de Asuntos Juveniles, pone en marcha el Torneo de Verano \u201cFormo-Joven\u201d, una serie de encuentros de diferentes disciplinas deportivas. El lanzamiento oficial ser\u00e1 este viernes 12 desde las 17 en el Polideportivo Policial\u00a0 \u201c28 de Mayo\u201d, donde se ir\u00e1n sucediendo las competencias de Futsal Masculino, Basquetbol Masculino y V\u00f3ley Femenino, durante todo enero y febrero.<\/p>\n<p>El director de Asuntos Juveniles, Fernando Galarza expreso que estas actividades tienen como objetivo la socializaci\u00f3n de los j\u00f3venes de distintos barrios, la inversi\u00f3n saludable de los tiempos de ocio en vacaciones, la recreaci\u00f3n con amigos y el desarrollo del deporte como actividad que sirve para templar el car\u00e1cter de quienes la practican, fortificando el cuerpo y esp\u00edritu para enfrentar en mejores condiciones el estudio, el trabajo y las faenas de la vida.<\/p>\n<p>Por su parte Juan Kalyn, Coordinador de Deporte y Recreaci\u00f3n de la direcci\u00f3n, manifest\u00f3 que desde este espacio aportamos a la realizaci\u00f3n de los lineamientos basados en materia de deporte por el Modelo Formose\u00f1o, sosteniendo a este no solo como una practica individual y social, sino, fundamentalmente una estrategia de formaci\u00f3n integral.<\/p>\n<p>Los j\u00f3venes que quieran participar del torneo pueden inscribirse v\u00eda web ingresando a la cuenta de Facebook de la Direcci\u00f3n <a href=\"http:\/\/www.facebook.com\/Juventudes\">www.facebook.com\/Juventudes<\/a> y all\u00ed encontraran la plataforma de inscripci\u00f3n, de igual forma lo podr\u00e1n hacer en el Polideportivo Policial el d\u00eda del Lanzamiento. Es de acceso gratuito y los campeones obtendr\u00e1n la Copa \u201cFormo-Joven\u201d y dem\u00e1s premios.<\/p>\n<p>Para participar del futsal se debe tener entre 16 a 21 a\u00f1os, para el voley de 15 a 21 y el b\u00e1squet tiene caracter libre. Todas las disciplinas contaran con arbitraje profesional.<\/p>\n","protected":false},"excerpt":{"rendered":"<p>El gobierno provincial trav\u00e9s de la direcci\u00f3n de Asuntos Juveniles, pone en marcha el Torneo de Verano \u201cFormo-Joven\u201d, una serie de encuentros de diferentes disciplinas deportivas. El lanzamiento oficial ser\u00e1 este viernes 12 desde las 17 en el Polideportivo Policial\u00a0 \u201c28 de Mayo\u201d, donde se ir\u00e1n sucediendo las competencias de Futsal Masculino, Basquetbol Masculino y [&hellip;]<\/p>\n","protected":false},"author":11,"featured_media":22130,"comment_status":"open","ping_status":"open","sticky":false,"template":"","format":"standard","meta":{"footnotes":""},"categories":[5],"tags":[],"class_list":["post-22121","post","type-post","status-publish","format-standard","has-post-thumbnail","hentry","category-deportes"],"_links":{"self":[{"href":"http:\/\/informeformosa.com.ar\/index.php?rest_route=\/wp\/v2\/posts\/22121","targetHints":{"allow":["GET"]}}],"collection":[{"href":"http:\/\/informeformosa.com.ar\/index.php?rest_route=\/wp\/v2\/posts"}],"about":[{"href":"http:\/\/informeformosa.com.ar\/index.php?rest_route=\/wp\/v2\/types\/post"}],"author":[{"embeddable":true,"href":"http:\/\/informeformosa.com.ar\/index.php?rest_route=\/wp\/v2\/users\/11"}],"replies":[{"embeddable":true,"href":"http:\/\/informeformosa.com.ar\/index.php?rest_route=%2Fwp%2Fv2%2Fcomments&post=22121"}],"version-history":[{"count":0,"href":"http:\/\/informeformosa.com.ar\/index.php?rest_route=\/wp\/v2\/posts\/22121\/revisions"}],"wp:featuredmedia":[{"embeddable":true,"href":"http:\/\/informeformosa.com.ar\/index.php?rest_route=\/wp\/v2\/media\/22130"}],"wp:attachment":[{"href":"http:\/\/informeformosa.com.ar\/index.php?rest_route=%2Fwp%2Fv2%2Fmedia&parent=22121"}],"wp:term":[{"taxonomy":"category","embeddable":true,"href":"http:\/\/informeformosa.com.ar\/index.php?rest_route=%2Fwp%2Fv2%2Fcategories&post=22121"},{"taxonomy":"post_tag","embeddable":true,"href":"http:\/\/informeformosa.com.ar\/index.php?rest_route=%2Fwp%2Fv2%2Ftags&post=22121"}],"curies":[{"name":"wp","href":"https:\/\/api.w.org\/{rel}","templated":true}]}}