{"id":22118,"date":"2018-01-11T20:15:09","date_gmt":"2018-01-11T23:15:09","guid":{"rendered":"http:\/\/informeformosa.com.ar\/?p=22118"},"modified":"2018-01-11T20:15:09","modified_gmt":"2018-01-11T23:15:09","slug":"con-total-normalidad-funcionan-los-comedores-escolares-en-vacaciones","status":"publish","type":"post","link":"http:\/\/informeformosa.com.ar\/?p=22118","title":{"rendered":"Con total normalidad funcionan los comedores escolares en vacaciones"},"content":{"rendered":"<p>M\u00e1s\u00a0 all\u00e1 del receso estival,\u00a0 en las escuelas, contin\u00faan\u00a0 funcionando los comedores bajo la modalidad establecida para el receso\u00a0 con el servicio nutricional que brinda cada establecimiento educativo y mediante\u00a0 el\u00a0 cual se benefician\u00a0 m\u00e1s del 85% de la matr\u00edcula escolar.<\/p>\n<p>Al respecto, el licenciado Mario Faray, responsable de los comedores escolares del ministerio de Cultura y Educaci\u00f3n, confirm\u00f3 que durante el receso escolar todos los comedores escolares de la provincia funcionan normalmente resaltando que \u201chay una decisi\u00f3n pol\u00edtica del gobierno de mantener el funcionamiento de los comedores durante los doce meses y\u00a0 Formosa es una de las pocas provincias del pa\u00eds que lo mantiene durante todo el a\u00f1o\u201d.<\/p>\n<p>Faray resalt\u00f3 que se trata de un servicio que se brinda a aproximadamente 1.075 comedores escolares en todo el territorio provincial y que la atenci\u00f3n se har\u00e1 de manera normal de lunes a viernes, salvo los feriados, aclarando que \u201calgunas escuelas brindan los servicios de copa de leche y almuerzo, mientras que las escuelas albergues tambi\u00e9n tienen cena\u201d.<\/p>\n<p>Con respecto a la organizaci\u00f3n de las instituciones para garantizar la continuidad del servicio expres\u00f3 que \u201cla prestaci\u00f3n se hace en las escuelas, con docentes comprometidos con el proyecto y el acompa\u00f1amiento de la comunidad educativa\u201d.<\/p>\n<p>Aclar\u00f3 que, aunque los colegios secundarios cuentan con el servicio de copa de leche gracias \u201ca una decisi\u00f3n pol\u00edtica del gobernador Gildo Insfr\u00e1n\u201d, estos solo funcionan durante el ciclo lectivo<\/p>\n<p>Finalmente el funcionario hizo hincapi\u00e9 en que \u201cel programa est\u00e1 garantizado por el Gobierno provincial, m\u00e1s all\u00e1 de las particularidades que tenga desde Naci\u00f3n y que no hay ning\u00fan tipo de sobresalto para su normal desarrollo\u201d.<\/p>\n","protected":false},"excerpt":{"rendered":"<p>M\u00e1s\u00a0 all\u00e1 del receso estival,\u00a0 en las escuelas, contin\u00faan\u00a0 funcionando los comedores bajo la modalidad establecida para el receso\u00a0 con el servicio nutricional que brinda cada establecimiento educativo y mediante\u00a0 el\u00a0 cual se benefician\u00a0 m\u00e1s del 85% de la matr\u00edcula escolar. Al respecto, el licenciado Mario Faray, responsable de los comedores escolares del ministerio de [&hellip;]<\/p>\n","protected":false},"author":11,"featured_media":22125,"comment_status":"open","ping_status":"open","sticky":false,"template":"","format":"standard","meta":{"footnotes":""},"categories":[2],"tags":[],"class_list":["post-22118","post","type-post","status-publish","format-standard","has-post-thumbnail","hentry","category-locales"],"_links":{"self":[{"href":"http:\/\/informeformosa.com.ar\/index.php?rest_route=\/wp\/v2\/posts\/22118","targetHints":{"allow":["GET"]}}],"collection":[{"href":"http:\/\/informeformosa.com.ar\/index.php?rest_route=\/wp\/v2\/posts"}],"about":[{"href":"http:\/\/informeformosa.com.ar\/index.php?rest_route=\/wp\/v2\/types\/post"}],"author":[{"embeddable":true,"href":"http:\/\/informeformosa.com.ar\/index.php?rest_route=\/wp\/v2\/users\/11"}],"replies":[{"embeddable":true,"href":"http:\/\/informeformosa.com.ar\/index.php?rest_route=%2Fwp%2Fv2%2Fcomments&post=22118"}],"version-history":[{"count":0,"href":"http:\/\/informeformosa.com.ar\/index.php?rest_route=\/wp\/v2\/posts\/22118\/revisions"}],"wp:featuredmedia":[{"embeddable":true,"href":"http:\/\/informeformosa.com.ar\/index.php?rest_route=\/wp\/v2\/media\/22125"}],"wp:attachment":[{"href":"http:\/\/informeformosa.com.ar\/index.php?rest_route=%2Fwp%2Fv2%2Fmedia&parent=22118"}],"wp:term":[{"taxonomy":"category","embeddable":true,"href":"http:\/\/informeformosa.com.ar\/index.php?rest_route=%2Fwp%2Fv2%2Fcategories&post=22118"},{"taxonomy":"post_tag","embeddable":true,"href":"http:\/\/informeformosa.com.ar\/index.php?rest_route=%2Fwp%2Fv2%2Ftags&post=22118"}],"curies":[{"name":"wp","href":"https:\/\/api.w.org\/{rel}","templated":true}]}}