{"id":22082,"date":"2018-01-11T19:19:54","date_gmt":"2018-01-11T22:19:54","guid":{"rendered":"http:\/\/informeformosa.com.ar\/?p=22082"},"modified":"2018-01-11T19:19:54","modified_gmt":"2018-01-11T22:19:54","slug":"atractiva-movida-cultural-veraniega-en-el-espinillo","status":"publish","type":"post","link":"http:\/\/informeformosa.com.ar\/?p=22082","title":{"rendered":"Atractiva \u201cmovida\u201d cultural  veraniega  en El Espinillo"},"content":{"rendered":"<p>Como en\u00a0 la mayor\u00eda de los municipios\u00a0 del interior\u00a0 provincial, que\u00a0 llevan adelante\u00a0\u00a0 diferentes\u00a0 movidas culturales , deportivas y recreativas para que ni\u00f1os y j\u00f3venes puedan pasar un verano diferente\u00a0 en su pueblo,\u00a0 el de\u00a0 la localidad de Espinillo se suma tambi\u00e9n a esta propuesta que se replica\u00a0 de manera exitosa\u00a0 en casi la totalidad de la provincia.<\/p>\n<p>En ese contexto, el intendente de Espinillo, Carlos Manuel Sotelo, \u00a0expuso\u00a0 \u201cestamos llevando a cabo\u00a0 un amplio abanico de ofertas culturales, deportivas\u00a0 y recreativas que giran en torno de la reciente refaccionado y reacondicionado\u00a0 natatorio.\u00a0 El mismo fue habilitado en septiembre con fondos del denominado programa\u00a0 \u201cPor nuestra gente obras y servicios municipales\u201d, mediante el cual el Gobierno Provincial\u00a0 destina fondos \u00a0a los municipios\u00a0 para obras y servicios. Ese dinero fue utilizado para reacondicionar\u00a0 la pileta para la temporada veraniega\u201d.<\/p>\n<p>Sotelo refiri\u00f3 \u201cmientras que las actividades deportivas\u00a0 se desarrollan en\u00a0 el polideportivo \u00a0con\u00a0 campeonatos de v\u00f3ley, futbol, mientras que los domingos\u00a0 tenemos\u00a0 actividades recreativas en la plaza, tales como el origami, \u00a0pinturas, proyecci\u00f3n de pel\u00edculas, exposici\u00f3n de feriantes con productos artesanales\u00a0\u00a0 y gastron\u00f3micos\u201d<\/p>\n<p>En cuanto a la colonia de vacaciones que se llevar\u00e1 adelante el intendente expres\u00f3 \u201cen una primera etapa\u00a0 participar\u00e1n\u00a0 100 ni\u00f1os de 6 a 12 a\u00f1os y en la cual est\u00e1n trabajando con un grupo de profesores de educaci\u00f3n f\u00edsica\u00a0 de martes a viernes en el natatorio del polideportivo municipal. Adem\u00e1s se sumar\u00e1n actividades destinadas a los adultos mayores tales como campeonatos de trucos y ejercicios para la tercera edad\u201d.<\/p>\n<p>&nbsp;<\/p>\n","protected":false},"excerpt":{"rendered":"<p>Como en\u00a0 la mayor\u00eda de los municipios\u00a0 del interior\u00a0 provincial, que\u00a0 llevan adelante\u00a0\u00a0 diferentes\u00a0 movidas culturales , deportivas y recreativas para que ni\u00f1os y j\u00f3venes puedan pasar un verano diferente\u00a0 en su pueblo,\u00a0 el de\u00a0 la localidad de Espinillo se suma tambi\u00e9n a esta propuesta que se replica\u00a0 de manera exitosa\u00a0 en casi la totalidad [&hellip;]<\/p>\n","protected":false},"author":11,"featured_media":22091,"comment_status":"open","ping_status":"open","sticky":false,"template":"","format":"standard","meta":{"footnotes":""},"categories":[11],"tags":[],"class_list":["post-22082","post","type-post","status-publish","format-standard","has-post-thumbnail","hentry","category-interior"],"_links":{"self":[{"href":"http:\/\/informeformosa.com.ar\/index.php?rest_route=\/wp\/v2\/posts\/22082","targetHints":{"allow":["GET"]}}],"collection":[{"href":"http:\/\/informeformosa.com.ar\/index.php?rest_route=\/wp\/v2\/posts"}],"about":[{"href":"http:\/\/informeformosa.com.ar\/index.php?rest_route=\/wp\/v2\/types\/post"}],"author":[{"embeddable":true,"href":"http:\/\/informeformosa.com.ar\/index.php?rest_route=\/wp\/v2\/users\/11"}],"replies":[{"embeddable":true,"href":"http:\/\/informeformosa.com.ar\/index.php?rest_route=%2Fwp%2Fv2%2Fcomments&post=22082"}],"version-history":[{"count":0,"href":"http:\/\/informeformosa.com.ar\/index.php?rest_route=\/wp\/v2\/posts\/22082\/revisions"}],"wp:featuredmedia":[{"embeddable":true,"href":"http:\/\/informeformosa.com.ar\/index.php?rest_route=\/wp\/v2\/media\/22091"}],"wp:attachment":[{"href":"http:\/\/informeformosa.com.ar\/index.php?rest_route=%2Fwp%2Fv2%2Fmedia&parent=22082"}],"wp:term":[{"taxonomy":"category","embeddable":true,"href":"http:\/\/informeformosa.com.ar\/index.php?rest_route=%2Fwp%2Fv2%2Fcategories&post=22082"},{"taxonomy":"post_tag","embeddable":true,"href":"http:\/\/informeformosa.com.ar\/index.php?rest_route=%2Fwp%2Fv2%2Ftags&post=22082"}],"curies":[{"name":"wp","href":"https:\/\/api.w.org\/{rel}","templated":true}]}}