{"id":22077,"date":"2018-01-10T19:21:02","date_gmt":"2018-01-10T22:21:02","guid":{"rendered":"http:\/\/informeformosa.com.ar\/?p=22077"},"modified":"2018-01-10T19:21:02","modified_gmt":"2018-01-10T22:21:02","slug":"reunion-de-trabajo-de-cara-a-la-16-fiesta-nacional-de-la-corvina","status":"publish","type":"post","link":"http:\/\/informeformosa.com.ar\/?p=22077","title":{"rendered":"Reuni\u00f3n de trabajo de cara a la  16\u00b0 Fiesta Nacional de la Corvina"},"content":{"rendered":"<p>Con vistas a la planificaci\u00f3n de lo que va a ser la decimosexta edici\u00f3n de la Fiesta Nacional de la Corvina en la localidad de Herradura, que se realizar\u00e1 los d\u00edas 9, 10 y 11 de febrero en la vecina villa tur\u00edstica de Herradura, comenz\u00f3 el desandar de la cuenta regresiva a menos de un mes de su realizaci\u00f3n.<\/p>\n<p>Con este prop\u00f3sito, funcionarios del Gobierno de la Provincia, en articulaci\u00f3n con responsables de diferentes organismos que forman parte de la organizaci\u00f3n, tuvieron este mi\u00e9rcoles la primera reuni\u00f3n de trabajo con vistas a lo que ser\u00e1 el intensificar los aprestos previos.<\/p>\n<p>El asesor del ministerio de Turismo, Gustavo Silguero, el intendente herradurense, Juan Carlos G\u00f3mez, el diputado nacional Ramiro Fern\u00e1ndez Patri que hasta hace un mes atr\u00e1s estuviera al frente de la cartera tur\u00edstica formose\u00f1a, responsables de esferas del estado vinculadas a Producci\u00f3n y Ambiente, Comunidad, Desarrollo Humano, Planificaci\u00f3n y Obras Publicas, fuerzas de seguridad como Polic\u00eda y Prefectura Naval, entre otros, tomaron parte de este encuentro.<\/p>\n<p>Se hablo de seguir mejorar las instalaciones de esta gran Fiesta que se ha ido consolidando a lo largo de sus consecutivas ediciones como un evento popular de tradici\u00f3n en la regi\u00f3n; pues convoca a miles de visitantes de otras provincias, e incluso de pa\u00edses lim\u00edtrofes.<\/p>\n<p>Ya se consolido mucho la infraestructura con el mejoramiento de algunos caminos, la renovaci\u00f3n de instalaciones para la feria gastron\u00f3mica; el ensanchamiento de bajadas de lanchas que ya exist\u00edan y la construcci\u00f3n de nuevas bajadas para agilizar la competencia,\u00a0 la colocaci\u00f3n de carteler\u00eda alusiva a la Fiesta, entre otros.<\/p>\n<p>Adem\u00e1s, vale la pena destacar las obras que tienen como objetivo poner en condiciones la playa de Herradura, sum\u00e1ndose as\u00ed un balneario m\u00e1s a la propuesta del programa \u201cVerano y Terer\u00e9\u201d.<\/p>\n<p>Hay una expectativa muy grande de la comunidad en particular y de la provincia en general ya que es un evento que en el verano nos re\u00fane a todos los formose\u00f1os y much\u00edsimos visitantes que agendan a la fiesta como propuesta de verano<\/p>\n<p>En cuanto a los artistas de las noches festivales, se se\u00f1alo que \u201cestamos cerrando la grilla\u201d, estim\u00e1ndose que en poco tiempo m\u00e1s se estar\u00e1 en condiciones de confirmar los que van a estar, aunque se renueva el criterio de poner el acento en lo local y regional, cubriendo los distintos tipos de m\u00fasica, folklore, rock, m\u00fasica pop para que podemos llegar a todo el p\u00fablico y a todas las familias.<\/p>\n","protected":false},"excerpt":{"rendered":"<p>Con vistas a la planificaci\u00f3n de lo que va a ser la decimosexta edici\u00f3n de la Fiesta Nacional de la Corvina en la localidad de Herradura, que se realizar\u00e1 los d\u00edas 9, 10 y 11 de febrero en la vecina villa tur\u00edstica de Herradura, comenz\u00f3 el desandar de la cuenta regresiva a menos de un [&hellip;]<\/p>\n","protected":false},"author":11,"featured_media":22078,"comment_status":"open","ping_status":"open","sticky":false,"template":"","format":"standard","meta":{"footnotes":""},"categories":[11],"tags":[],"class_list":["post-22077","post","type-post","status-publish","format-standard","has-post-thumbnail","hentry","category-interior"],"_links":{"self":[{"href":"http:\/\/informeformosa.com.ar\/index.php?rest_route=\/wp\/v2\/posts\/22077","targetHints":{"allow":["GET"]}}],"collection":[{"href":"http:\/\/informeformosa.com.ar\/index.php?rest_route=\/wp\/v2\/posts"}],"about":[{"href":"http:\/\/informeformosa.com.ar\/index.php?rest_route=\/wp\/v2\/types\/post"}],"author":[{"embeddable":true,"href":"http:\/\/informeformosa.com.ar\/index.php?rest_route=\/wp\/v2\/users\/11"}],"replies":[{"embeddable":true,"href":"http:\/\/informeformosa.com.ar\/index.php?rest_route=%2Fwp%2Fv2%2Fcomments&post=22077"}],"version-history":[{"count":0,"href":"http:\/\/informeformosa.com.ar\/index.php?rest_route=\/wp\/v2\/posts\/22077\/revisions"}],"wp:featuredmedia":[{"embeddable":true,"href":"http:\/\/informeformosa.com.ar\/index.php?rest_route=\/wp\/v2\/media\/22078"}],"wp:attachment":[{"href":"http:\/\/informeformosa.com.ar\/index.php?rest_route=%2Fwp%2Fv2%2Fmedia&parent=22077"}],"wp:term":[{"taxonomy":"category","embeddable":true,"href":"http:\/\/informeformosa.com.ar\/index.php?rest_route=%2Fwp%2Fv2%2Fcategories&post=22077"},{"taxonomy":"post_tag","embeddable":true,"href":"http:\/\/informeformosa.com.ar\/index.php?rest_route=%2Fwp%2Fv2%2Ftags&post=22077"}],"curies":[{"name":"wp","href":"https:\/\/api.w.org\/{rel}","templated":true}]}}