{"id":22069,"date":"2018-01-10T19:18:28","date_gmt":"2018-01-10T22:18:28","guid":{"rendered":"http:\/\/informeformosa.com.ar\/?p=22069"},"modified":"2018-01-10T19:18:28","modified_gmt":"2018-01-10T22:18:28","slug":"variadas-actividades-de-verano-en-villa-escolar","status":"publish","type":"post","link":"http:\/\/informeformosa.com.ar\/?p=22069","title":{"rendered":"Variadas actividades de verano en Villa Escolar"},"content":{"rendered":"<p>Celia Robles, intendente de Villa Escolar, enumer\u00f3 las actividades\u00a0 deportivas y de recreaci\u00f3n\u00a0 que se llevaran a cabo\u00a0 en el marco de las vacaciones de verano. Todas ella organizadas\u00a0 por la Direcci\u00f3n de Deportes y Cultura de la\u00a0 municipalidad a lo que se suma\u00a0 la participaci\u00f3n\u00a0 de un contingente\u00a0 en la Colonia de Vacaciones \u201cNi\u00f1os Felices\u201d, organizado por el Gobierno Provincial.<\/p>\n<p>En primer lugar, Robles explic\u00f3\u00a0 \u201clas actividades previstas\u00a0\u00a0 son principalmente recreativas y deportivas y est\u00e1n\u00a0 destinadas a ni\u00f1os y adolescentes\u00a0 para que puedan pasar un verano\u00a0 muy lindo.\u00a0 En \u00e1rea deportiva se organizaron\u00a0 talleres de\u00a0 las diferentes disciplinas deportivas\u00a0 tales como Volley, B\u00e1squet, Hanball, los cuales se desarrollaran en los polideportivos disponibles.<\/p>\n<p>Posteriormente hizo referencia\u00a0\u00a0 a los talleres\u00a0 que tambi\u00e9n se desarrollaran para los ni\u00f1os y j\u00f3venes que no tengan\u00a0 inclinaciones\u00a0 por lo netamente deportivo, raz\u00f3n por la cual, tambi\u00e9n\u00a0 se pens\u00f3\u00a0\u00a0 tambi\u00e9n en talleres de expresi\u00f3n\u00a0 art\u00edstica\u00a0 a fin de ofrecer un abanico de posibilidades\u00a0 que\u00a0 contenga a todos.\u00a0 Sumado a esto se est\u00e1n inscribiendo a los interesados en participar en la colonia de vacaciones\u00a0 \u201cNi\u00f1os Felices\u201d en esta capital.<\/p>\n<p>Finalmente adelant\u00f3 que las fiestas de carnaval\u00a0 tendr\u00e1n lugar\u00a0 los d\u00edas\u00a0 3,4 y 5 de febrero con la participaci\u00f3n\u00a0 de 4 comparsas locales, a los que se suman las de Puerto Eva Per\u00f3n de\u00a0 la provincia del Chaco y de otras localidades cuyo cors\u00f3dromo ser\u00e1 la avenida dispuesta en la entrada\u00a0 del pueblo.<\/p>\n<p>&nbsp;<\/p>\n<p>&nbsp;<\/p>\n","protected":false},"excerpt":{"rendered":"<p>Celia Robles, intendente de Villa Escolar, enumer\u00f3 las actividades\u00a0 deportivas y de recreaci\u00f3n\u00a0 que se llevaran a cabo\u00a0 en el marco de las vacaciones de verano. Todas ella organizadas\u00a0 por la Direcci\u00f3n de Deportes y Cultura de la\u00a0 municipalidad a lo que se suma\u00a0 la participaci\u00f3n\u00a0 de un contingente\u00a0 en la Colonia de Vacaciones \u201cNi\u00f1os [&hellip;]<\/p>\n","protected":false},"author":11,"featured_media":22075,"comment_status":"open","ping_status":"open","sticky":false,"template":"","format":"standard","meta":{"footnotes":""},"categories":[11],"tags":[],"class_list":["post-22069","post","type-post","status-publish","format-standard","has-post-thumbnail","hentry","category-interior"],"_links":{"self":[{"href":"http:\/\/informeformosa.com.ar\/index.php?rest_route=\/wp\/v2\/posts\/22069","targetHints":{"allow":["GET"]}}],"collection":[{"href":"http:\/\/informeformosa.com.ar\/index.php?rest_route=\/wp\/v2\/posts"}],"about":[{"href":"http:\/\/informeformosa.com.ar\/index.php?rest_route=\/wp\/v2\/types\/post"}],"author":[{"embeddable":true,"href":"http:\/\/informeformosa.com.ar\/index.php?rest_route=\/wp\/v2\/users\/11"}],"replies":[{"embeddable":true,"href":"http:\/\/informeformosa.com.ar\/index.php?rest_route=%2Fwp%2Fv2%2Fcomments&post=22069"}],"version-history":[{"count":0,"href":"http:\/\/informeformosa.com.ar\/index.php?rest_route=\/wp\/v2\/posts\/22069\/revisions"}],"wp:featuredmedia":[{"embeddable":true,"href":"http:\/\/informeformosa.com.ar\/index.php?rest_route=\/wp\/v2\/media\/22075"}],"wp:attachment":[{"href":"http:\/\/informeformosa.com.ar\/index.php?rest_route=%2Fwp%2Fv2%2Fmedia&parent=22069"}],"wp:term":[{"taxonomy":"category","embeddable":true,"href":"http:\/\/informeformosa.com.ar\/index.php?rest_route=%2Fwp%2Fv2%2Fcategories&post=22069"},{"taxonomy":"post_tag","embeddable":true,"href":"http:\/\/informeformosa.com.ar\/index.php?rest_route=%2Fwp%2Fv2%2Ftags&post=22069"}],"curies":[{"name":"wp","href":"https:\/\/api.w.org\/{rel}","templated":true}]}}