{"id":22059,"date":"2018-01-10T19:13:21","date_gmt":"2018-01-10T22:13:21","guid":{"rendered":"http:\/\/informeformosa.com.ar\/?p=22059"},"modified":"2018-01-10T19:13:21","modified_gmt":"2018-01-10T22:13:21","slug":"gobierno-fortalece-acciones-de-seguridad-vial","status":"publish","type":"post","link":"http:\/\/informeformosa.com.ar\/?p=22059","title":{"rendered":"Gobierno fortalece acciones de seguridad vial"},"content":{"rendered":"<p>En el marco de las tareas de seguridad vial planificadas para las vacaciones de verano, el ministerio de Gobierno se encuentra fortaleciendo el aporte de equipos tecnol\u00f3gicos como alcohol\u00edmetros destinados a los controles en rutas de la provincia.<\/p>\n<p>En este caso a trav\u00e9s de las acciones del Consejo Provincial de Seguridad Vial se concreto el aporte de un equipo de alcohol\u00edmetro a la Unidad Regional Cuatro con asiento en Laguna Blanca, siendo el ministro de Gobierno, Justicia, Seguridad y Trabajo, Jorge Abel Gonz\u00e1lez quien concreto la entrega del dispositivo.<\/p>\n<p>Dijo que se trata de un \u201cinstrumento de enorme valor porque ayuda a la prevenci\u00f3n, al permitir la medici\u00f3n del alcohol en sangre a los conductores de veh\u00edculos, con lo cual se evita un hecho mucho m\u00e1s lamentable como son los accidentes de tr\u00e1nsito. Y seguramente varios de estos habr\u00e1n sido salvados al sacar de circulaci\u00f3n a quien manejaba infringiendo la legislaci\u00f3n en cuanto al consumo de alcohol\u201d.<\/p>\n<p>Expuso que \u201ccon el Consejo de Seguridad Vial se viene haciendo entrega de similares equipos a esferas policiales como la de Transito y otras unidades regionales, aporte enmarcado en el fortalecimiento del trabajo de acentuar las acciones en pos del resguardo de conductores y dem\u00e1s usuarios de la v\u00eda p\u00fablica\u201d.<\/p>\n<p>\u201cEstamos desarrollando una labor de prevenci\u00f3n del control de tr\u00e1nsito a partir del ya recurrente crecimiento del tr\u00e1fico vehicular que se da en este tiempo de las vacaciones de verano, de ah\u00ed la decisi\u00f3n de un amplio despliegue operativo de control vial a lo largo y ancho del territorio\u201d, expuso el ministro.<\/p>\n<p>Hizo referencia a que las acciones diagramadas incluyo el aumento de las tareas de prevenci\u00f3n con el objetivo de consolidar la concientizaci\u00f3n, control y asistencia en la red vial jurisdiccional, con un car\u00e1cter interdisciplinario, interinstitucional y regional que permita la reducci\u00f3n de los \u00edndices siniestrales viales en todo el territorio provincial y garantice la seguridad vial de los usuarios.<\/p>\n<p>Asimismo, en los respectivos controles, tanto fijos como m\u00f3viles y\/o rotativos, adem\u00e1s de las habituales medidas que se adoptan, se instruyo convenientemente al personal destacado en estos lugares para que se ponga especial atenci\u00f3n en aspectos como el uso del cintur\u00f3n de seguridad, cascos en el caso de los motociclistas, la ubicaci\u00f3n de menores en asientos traseros de los veh\u00edculos, respeto al l\u00edmite de velocidad, luces bajas encendidas permanentemente, uso correcto de las luces de giro<\/p>\n<p>Tambi\u00e9n se ejercen estrictos controles a fin de evitar el exceso de velocidad y adelantamiento indebido, se realizaran controles de alcoholemia en conductores de veh\u00edculos particulares, oficiales, de transporte de pasajeros, micros de colonias de vacaciones, transporte de cargas incluidas las del transporte de mercanc\u00edas peligrosas, entre otros.<\/p>\n<p>Anticipo que \u201cya estamos trabajando en el diagrama de todo lo que ser\u00e1 el operativo especial con vistas a la nueva edici\u00f3n de la Fiesta de la Corvina prevista entre el 9 y 11 de febrero pr\u00f3ximo, donde se produce un importante movimiento de veh\u00edculos y personas. Aunque tambi\u00e9n y de manera permanente coordinamos acciones con los municipios a fin de poder articular acciones de prevenci\u00f3n en cada jurisdicci\u00f3n\u201d.<\/p>\n<p>Dijo finalmente que \u201cen los pr\u00f3ximos d\u00edas vamos a estar en las localidades de Riacho He He y Laguna Blanca a fin de cumplimentar las actividades previstas en el marco de un proceso de concientizaci\u00f3n vial para toda la poblaci\u00f3n\u201d.<\/p>\n","protected":false},"excerpt":{"rendered":"<p>En el marco de las tareas de seguridad vial planificadas para las vacaciones de verano, el ministerio de Gobierno se encuentra fortaleciendo el aporte de equipos tecnol\u00f3gicos como alcohol\u00edmetros destinados a los controles en rutas de la provincia. En este caso a trav\u00e9s de las acciones del Consejo Provincial de Seguridad Vial se concreto el [&hellip;]<\/p>\n","protected":false},"author":11,"featured_media":22064,"comment_status":"open","ping_status":"open","sticky":false,"template":"","format":"standard","meta":{"footnotes":""},"categories":[21],"tags":[],"class_list":["post-22059","post","type-post","status-publish","format-standard","has-post-thumbnail","hentry","category-provinciales"],"_links":{"self":[{"href":"http:\/\/informeformosa.com.ar\/index.php?rest_route=\/wp\/v2\/posts\/22059","targetHints":{"allow":["GET"]}}],"collection":[{"href":"http:\/\/informeformosa.com.ar\/index.php?rest_route=\/wp\/v2\/posts"}],"about":[{"href":"http:\/\/informeformosa.com.ar\/index.php?rest_route=\/wp\/v2\/types\/post"}],"author":[{"embeddable":true,"href":"http:\/\/informeformosa.com.ar\/index.php?rest_route=\/wp\/v2\/users\/11"}],"replies":[{"embeddable":true,"href":"http:\/\/informeformosa.com.ar\/index.php?rest_route=%2Fwp%2Fv2%2Fcomments&post=22059"}],"version-history":[{"count":0,"href":"http:\/\/informeformosa.com.ar\/index.php?rest_route=\/wp\/v2\/posts\/22059\/revisions"}],"wp:featuredmedia":[{"embeddable":true,"href":"http:\/\/informeformosa.com.ar\/index.php?rest_route=\/wp\/v2\/media\/22064"}],"wp:attachment":[{"href":"http:\/\/informeformosa.com.ar\/index.php?rest_route=%2Fwp%2Fv2%2Fmedia&parent=22059"}],"wp:term":[{"taxonomy":"category","embeddable":true,"href":"http:\/\/informeformosa.com.ar\/index.php?rest_route=%2Fwp%2Fv2%2Fcategories&post=22059"},{"taxonomy":"post_tag","embeddable":true,"href":"http:\/\/informeformosa.com.ar\/index.php?rest_route=%2Fwp%2Fv2%2Ftags&post=22059"}],"curies":[{"name":"wp","href":"https:\/\/api.w.org\/{rel}","templated":true}]}}