{"id":22030,"date":"2018-01-09T19:18:14","date_gmt":"2018-01-09T22:18:14","guid":{"rendered":"http:\/\/informeformosa.com.ar\/?p=22030"},"modified":"2018-01-09T19:18:14","modified_gmt":"2018-01-09T22:18:14","slug":"encuentro-internacional-de-muralistas","status":"publish","type":"post","link":"http:\/\/informeformosa.com.ar\/?p=22030","title":{"rendered":"Encuentro Internacional de Muralistas"},"content":{"rendered":"<p>Se est\u00e1 realizando el Encuentro Internacional de Muralistas, organizado de manera conjunta por la Asociaci\u00f3n Internacional de Muralismo \u201cItalo Grassi\u201d, la Subsecretar\u00eda de Cultura de la provincia y la Direcci\u00f3n de Turismo de la Municipalidad de la Ciudad. Participan artistas locales, nacionales e internacionales, desarrollando sus obras art\u00edsticas en funci\u00f3n a la tem\u00e1tica \u201cEl R\u00edo y la Identidad Formose\u00f1a\u00bb.<\/p>\n<p>En diferentes puntos de la ciudad est\u00e1n plasmando las producciones intervenidas por Muralistas en el horario de 8.30 a 12 horas y de 16 a 21.30, hasta el domingo 14 de enero. Algunos de los lugares donde podr\u00e1n observar las obras son: el Hogar de Varones (avenida Lelong y C\u00f3rdoba; la EPET 2, (C\u00f3rdoba y Julio A. Roca); FTC Canal 3, (9 de Julio y Junin); Hogar Don Bosco, (9 de Julio y Fotheringham); Instituto Superior de Formaci\u00f3n Docente (Yunk\u00e1 y Fothringham) ; Sancor (Lelong y Padre Grotti); Direcci\u00f3n de Ni\u00f1ez y Adolescencia, (9 de Julio y Corrientes); Pasaje Jos\u00e9 Estrada y la Direcci\u00f3n Provincial de Vialidad, sobre la calle Pringles.<\/p>\n<p>Participan muralistas de diferentes partes del Mundo como Per\u00fa, Chile, M\u00e9xico, Paraguay, Ecuador, Uruguay, Venezuela, Bolivia, Espa\u00f1a \u2013 Islas Canarias. Tambi\u00e9n de diferentes provincias Santa Fe, Entre R\u00edos, Buenos Aires, Jujuy, Santiago del Estero, C\u00f3rdoba, La Pampa, y nuestros muralistas formose\u00f1os, todos desarrollando diferentes piezas art\u00edsticas que embellecen la Ciudad de Formosa.<\/p>\n<p>&nbsp;<\/p>\n","protected":false},"excerpt":{"rendered":"<p>Se est\u00e1 realizando el Encuentro Internacional de Muralistas, organizado de manera conjunta por la Asociaci\u00f3n Internacional de Muralismo \u201cItalo Grassi\u201d, la Subsecretar\u00eda de Cultura de la provincia y la Direcci\u00f3n de Turismo de la Municipalidad de la Ciudad. Participan artistas locales, nacionales e internacionales, desarrollando sus obras art\u00edsticas en funci\u00f3n a la tem\u00e1tica \u201cEl R\u00edo [&hellip;]<\/p>\n","protected":false},"author":11,"featured_media":22038,"comment_status":"open","ping_status":"open","sticky":false,"template":"","format":"standard","meta":{"footnotes":""},"categories":[21],"tags":[],"class_list":["post-22030","post","type-post","status-publish","format-standard","has-post-thumbnail","hentry","category-provinciales"],"_links":{"self":[{"href":"http:\/\/informeformosa.com.ar\/index.php?rest_route=\/wp\/v2\/posts\/22030","targetHints":{"allow":["GET"]}}],"collection":[{"href":"http:\/\/informeformosa.com.ar\/index.php?rest_route=\/wp\/v2\/posts"}],"about":[{"href":"http:\/\/informeformosa.com.ar\/index.php?rest_route=\/wp\/v2\/types\/post"}],"author":[{"embeddable":true,"href":"http:\/\/informeformosa.com.ar\/index.php?rest_route=\/wp\/v2\/users\/11"}],"replies":[{"embeddable":true,"href":"http:\/\/informeformosa.com.ar\/index.php?rest_route=%2Fwp%2Fv2%2Fcomments&post=22030"}],"version-history":[{"count":0,"href":"http:\/\/informeformosa.com.ar\/index.php?rest_route=\/wp\/v2\/posts\/22030\/revisions"}],"wp:featuredmedia":[{"embeddable":true,"href":"http:\/\/informeformosa.com.ar\/index.php?rest_route=\/wp\/v2\/media\/22038"}],"wp:attachment":[{"href":"http:\/\/informeformosa.com.ar\/index.php?rest_route=%2Fwp%2Fv2%2Fmedia&parent=22030"}],"wp:term":[{"taxonomy":"category","embeddable":true,"href":"http:\/\/informeformosa.com.ar\/index.php?rest_route=%2Fwp%2Fv2%2Fcategories&post=22030"},{"taxonomy":"post_tag","embeddable":true,"href":"http:\/\/informeformosa.com.ar\/index.php?rest_route=%2Fwp%2Fv2%2Ftags&post=22030"}],"curies":[{"name":"wp","href":"https:\/\/api.w.org\/{rel}","templated":true}]}}