{"id":22016,"date":"2018-01-09T19:07:16","date_gmt":"2018-01-09T22:07:16","guid":{"rendered":"http:\/\/informeformosa.com.ar\/?p=22016"},"modified":"2018-01-09T19:07:16","modified_gmt":"2018-01-09T22:07:16","slug":"proyectos-a-radicarse-en-esta-ciudad-y-las-lomitas","status":"publish","type":"post","link":"http:\/\/informeformosa.com.ar\/?p=22016","title":{"rendered":"Proyectos a radicarse en esta ciudad y Las Lomitas"},"content":{"rendered":"<p>El subsecretario de Recursos, Naturales, Ordenamiento y Calidad Ambiental, Hugo Bay, confirmo el avance de todo el proceso tendiente a la ejecuci\u00f3n de dos plantas de generaci\u00f3n el\u00e9ctrica a trav\u00e9s de la biomasa (es b\u00e1sicamente utilizar la materia org\u00e1nica como fuente energ\u00e9tica) en nuestra provincia.<\/p>\n<p>Indico que se tratan de dos proyectos presentados por empresas privadas con una fuerte sinergia con el estado provincial que esta conteste con fomentar la diversificaci\u00f3n de nuestra matriz energ\u00e9tica, que sea amigable con el ambiente y pueda producirse de manera eficiente.<\/p>\n<p>Explico que estos proyectos de construcci\u00f3n de dos centrales de energ\u00eda el\u00e9ctrica fueron aprobados y calificados en el marco del programa RenoVar que impulsa el estado nacional a fin de promover el desarrollo de las energ\u00edas renovables como la biomasa. Y ser\u00e1 justamente el que financie la construcci\u00f3n de estas, una en nuestra ciudad capital (empresa llamada Hermosa SA) y la otra en Las Lomitas (Biot\u00e9rmica SA).<\/p>\n<p>Bay destaco que ambas \u201cgeneraran adem\u00e1s fuente laboral y elevar los potenciales en desarrollo a partir de la disponibilidad de energ\u00eda, y por supuesto la contribuci\u00f3n en mitigar el cambio clim\u00e1tico\u201d.<\/p>\n<p>\u201cTenemos recursos en abundancia para el desarrollo sustentable de la biomasa como producci\u00f3n de una energ\u00eda renovable y limpia. Es b\u00e1sicamente utilizar la materia org\u00e1nica como fuente energ\u00e9tica. Esta materia org\u00e1nica, es heterog\u00e9nea. Pueden ser desde deshechos de agricultura a restos de madera, el vinal que es una especie que lo tenemos en abundancia, ramas o alg\u00fan desecho de la foresto-industria, o incluso el serr\u00edn\u201d, preciso.<\/p>\n<p>Fue expuesto que se trata de un tipo de producci\u00f3n de energ\u00eda m\u00e1s barata, renovable y con menos emisiones por su forma de combusti\u00f3n. Adem\u00e1s, ayuda a mantener limpios los bosques por lo que ayuda en la prevenci\u00f3n de incendios.<\/p>\n<p>&nbsp;<\/p>\n<p>Audiencias<\/p>\n<p>&nbsp;<\/p>\n<p>Bay explico que \u201cestamos transitando la etapa de an\u00e1lisis t\u00e9cnico de los estudios de impacto ambiental que se han elaborado para ambos proyectos, que ser\u00e1n puestos a consideraci\u00f3n en sendas audiencias p\u00fablicas que aun no tienen fechas exactas, pero estimamos que se har\u00e1n en el mes de marzo en las dos ciudades donde est\u00e1n previstas localizarse\u201d.<\/p>\n<p>Dijo que \u201cde esta manera se estar\u00e1 cumpliendo con nuestra legislaci\u00f3n provincial que establece la participaci\u00f3n democr\u00e1tica ciudadana como un elemento fundamental y previo a la autorizaci\u00f3n de este tipo de proyectos\u201d.<\/p>\n<p>Preciso que el proyecto de Las lomitas prev\u00e9 su emplazamiento en el predio de un particular y el otro en un sector del Polo Cient\u00edfico y Tecnol\u00f3gico a unos quince kil\u00f3metros a las afueras de la ciudad.<\/p>\n<p>Dijo que \u201cestas centrales sumaran energ\u00eda al sistema el\u00e9ctrico provincial, con lo cual estar\u00e1 incorporando energ\u00eda renovable, que tiene un enorme valor desde el punto de vista ambiental. Es que por un lado se busca la diversificaci\u00f3n de la matriz energ\u00e9tica en el pa\u00eds y que la misma sea producida a trav\u00e9s de combustibles renovables y amigables con el ambiente\u201d.<\/p>\n<p>Revelo la vigencia de normas que han fijado que desde este a\u00f1o la incorporaci\u00f3n de un 8% de la energ\u00eda que se adquiera por parte del usuario deber\u00e1 tener su origen en la producci\u00f3n renovable y llegar a un 20% en el a\u00f1o 2025. \u201cCon estas dos centrales Formosa se adelanta y se pone a la vanguardia en esa meta ambiciosa de proveer al sistema el\u00e9ctrico local energ\u00eda de este tipo, adem\u00e1s de contribuir a los compromisos internacionales asumidos como pa\u00eds ante el cambio clim\u00e1tico producto de los gases de efecto invernadero que en gran medida se dan por la producci\u00f3n energ\u00e9tica a trav\u00e9s de \u00a0hidrocarburos como el petr\u00f3leo\u201d, preciso.<\/p>\n<p>\u00bfC\u00f3mo se procesa la biomasa?<\/p>\n<p>Se utilizan\u00a0calderas donde el\u00a0 material se quema poco a poco, lo que genera tambi\u00e9n\u00a0cenizas\u00a0que\u00a0pueden ser usadas posteriormente como abono.\u00a0 Si se instala un acumulador, se puede almacenar el calor sobrante generado. As\u00ed, la biomasa resulta una fuente de energ\u00eda renovable\u00a0m\u00e1s barata, segura y eficiente, con menos emisiones\u00a0y que\u00a0contribuye al mantenimiento de los bosques o al reciclaje\u00a0de residuos agr\u00edcolas. No hay que olvidar que esta materia org\u00e1nica ha de obtenerse de forma controlada y sostenible.<\/p>\n<p>&nbsp;<\/p>\n<p>&nbsp;<\/p>\n","protected":false},"excerpt":{"rendered":"<p>El subsecretario de Recursos, Naturales, Ordenamiento y Calidad Ambiental, Hugo Bay, confirmo el avance de todo el proceso tendiente a la ejecuci\u00f3n de dos plantas de generaci\u00f3n el\u00e9ctrica a trav\u00e9s de la biomasa (es b\u00e1sicamente utilizar la materia org\u00e1nica como fuente energ\u00e9tica) en nuestra provincia. Indico que se tratan de dos proyectos presentados por empresas [&hellip;]<\/p>\n","protected":false},"author":11,"featured_media":22022,"comment_status":"open","ping_status":"open","sticky":false,"template":"","format":"standard","meta":{"footnotes":""},"categories":[13],"tags":[],"class_list":["post-22016","post","type-post","status-publish","format-standard","has-post-thumbnail","hentry","category-produccion"],"_links":{"self":[{"href":"http:\/\/informeformosa.com.ar\/index.php?rest_route=\/wp\/v2\/posts\/22016","targetHints":{"allow":["GET"]}}],"collection":[{"href":"http:\/\/informeformosa.com.ar\/index.php?rest_route=\/wp\/v2\/posts"}],"about":[{"href":"http:\/\/informeformosa.com.ar\/index.php?rest_route=\/wp\/v2\/types\/post"}],"author":[{"embeddable":true,"href":"http:\/\/informeformosa.com.ar\/index.php?rest_route=\/wp\/v2\/users\/11"}],"replies":[{"embeddable":true,"href":"http:\/\/informeformosa.com.ar\/index.php?rest_route=%2Fwp%2Fv2%2Fcomments&post=22016"}],"version-history":[{"count":0,"href":"http:\/\/informeformosa.com.ar\/index.php?rest_route=\/wp\/v2\/posts\/22016\/revisions"}],"wp:featuredmedia":[{"embeddable":true,"href":"http:\/\/informeformosa.com.ar\/index.php?rest_route=\/wp\/v2\/media\/22022"}],"wp:attachment":[{"href":"http:\/\/informeformosa.com.ar\/index.php?rest_route=%2Fwp%2Fv2%2Fmedia&parent=22016"}],"wp:term":[{"taxonomy":"category","embeddable":true,"href":"http:\/\/informeformosa.com.ar\/index.php?rest_route=%2Fwp%2Fv2%2Fcategories&post=22016"},{"taxonomy":"post_tag","embeddable":true,"href":"http:\/\/informeformosa.com.ar\/index.php?rest_route=%2Fwp%2Fv2%2Ftags&post=22016"}],"curies":[{"name":"wp","href":"https:\/\/api.w.org\/{rel}","templated":true}]}}