{"id":21990,"date":"2018-01-08T19:33:08","date_gmt":"2018-01-08T22:33:08","guid":{"rendered":"http:\/\/informeformosa.com.ar\/?p=21990"},"modified":"2018-01-08T19:33:08","modified_gmt":"2018-01-08T22:33:08","slug":"cientos-de-familias-eligieron-herradura","status":"publish","type":"post","link":"http:\/\/informeformosa.com.ar\/?p=21990","title":{"rendered":"Cientos de familias eligieron Herradura"},"content":{"rendered":"<p>Tras\u00a0 la inauguraci\u00f3n de la temporada de verano realizada el s\u00e1bado, el intendente de Herradura, Juan Carlos G\u00f3mez,\u00a0\u00a0 valor\u00f3\u00a0 el acompa\u00f1amiento incondicional del Gobierno provincial a trav\u00e9s de varios estamentos del Estado\u00a0 para convertirla en un centro tur\u00edstico. Adem\u00e1s\u00a0\u00a0 resalt\u00f3 que fue \u201cimpresionante\u201d la cantidad de personas\u00a0 que\u00a0 durante el fin de semana\u00a0 visitaron la villa tur\u00edstica ubicada a m\u00e1s de 40 km de la capital para disfrutar de las m\u00faltiples actividades programada s dentro del marco del programa denominado \u201cVerano\u00a0 y Terer\u00e9\u201d<\/p>\n<p>Tras destacar el amplio y constante apoyo del Gobierno Provincial a trav\u00e9s\u00a0 de los diferentes ministerios, el intendente\u00a0 \u00a0G\u00f3mez coment\u00f3 que \u201ccientos\u00a0 de familias formose\u00f1as\u00a0 eligieron\u00a0 este fin de semana\u00a0\u00a0 a Herradura para poder disfrutar\u00a0 no solamente del balneario dotado de todas las comodidades y medidas de seguridad sino de la amplia y variada oferta gastron\u00f3mica y de entretenimientos programados en forma conjunta por el Gobierno Provincial \u00a0y la municipalidad lugare\u00f1a\u201d.<\/p>\n<p>\u201cFue un d\u00eda espectacular, donde los visitantes pudieron disfrutar de la Feria gastron\u00f3mica\u00a0 de la plaza central y los emprendedores pudieron vender las exquisiteces que preparan. Adem\u00e1s\u00a0 de escuchar buena m\u00fasica, hubo tambi\u00e9n actividades deportivas, n\u00e1uticas\u00a0 y de recreaci\u00f3n\u00a0 para ni\u00f1os, entre muchas\u00a0 otras propuestas\u00a0\u00a0 para que las familias puedan disfrutar de este lugar\u00a0 privilegiado de la naturaleza\u201d.<\/p>\n<p>Finalmente record\u00f3 que la playa\u00a0 est\u00e1 habilitada de 14 a 20 todos los d\u00edas\u00a0 con la presencia de guardavidas\u00a0 para brindarles seguridad a los asistentes, anticipando que se viene trabajando de manera sostenida\u00a0 en forma conjunta con varios estamentos del Estado Provincial para\u00a0 recibir a los miles de turistas en la Fiesta Nacional de la Corvina que tendr\u00e1 lugar del 9 al 11 de febrero.<\/p>\n<p>&nbsp;<\/p>\n","protected":false},"excerpt":{"rendered":"<p>Tras\u00a0 la inauguraci\u00f3n de la temporada de verano realizada el s\u00e1bado, el intendente de Herradura, Juan Carlos G\u00f3mez,\u00a0\u00a0 valor\u00f3\u00a0 el acompa\u00f1amiento incondicional del Gobierno provincial a trav\u00e9s de varios estamentos del Estado\u00a0 para convertirla en un centro tur\u00edstico. Adem\u00e1s\u00a0\u00a0 resalt\u00f3 que fue \u201cimpresionante\u201d la cantidad de personas\u00a0 que\u00a0 durante el fin de semana\u00a0 visitaron la [&hellip;]<\/p>\n","protected":false},"author":11,"featured_media":21997,"comment_status":"open","ping_status":"open","sticky":false,"template":"","format":"standard","meta":{"footnotes":""},"categories":[11],"tags":[],"class_list":["post-21990","post","type-post","status-publish","format-standard","has-post-thumbnail","hentry","category-interior"],"_links":{"self":[{"href":"http:\/\/informeformosa.com.ar\/index.php?rest_route=\/wp\/v2\/posts\/21990","targetHints":{"allow":["GET"]}}],"collection":[{"href":"http:\/\/informeformosa.com.ar\/index.php?rest_route=\/wp\/v2\/posts"}],"about":[{"href":"http:\/\/informeformosa.com.ar\/index.php?rest_route=\/wp\/v2\/types\/post"}],"author":[{"embeddable":true,"href":"http:\/\/informeformosa.com.ar\/index.php?rest_route=\/wp\/v2\/users\/11"}],"replies":[{"embeddable":true,"href":"http:\/\/informeformosa.com.ar\/index.php?rest_route=%2Fwp%2Fv2%2Fcomments&post=21990"}],"version-history":[{"count":0,"href":"http:\/\/informeformosa.com.ar\/index.php?rest_route=\/wp\/v2\/posts\/21990\/revisions"}],"wp:featuredmedia":[{"embeddable":true,"href":"http:\/\/informeformosa.com.ar\/index.php?rest_route=\/wp\/v2\/media\/21997"}],"wp:attachment":[{"href":"http:\/\/informeformosa.com.ar\/index.php?rest_route=%2Fwp%2Fv2%2Fmedia&parent=21990"}],"wp:term":[{"taxonomy":"category","embeddable":true,"href":"http:\/\/informeformosa.com.ar\/index.php?rest_route=%2Fwp%2Fv2%2Fcategories&post=21990"},{"taxonomy":"post_tag","embeddable":true,"href":"http:\/\/informeformosa.com.ar\/index.php?rest_route=%2Fwp%2Fv2%2Ftags&post=21990"}],"curies":[{"name":"wp","href":"https:\/\/api.w.org\/{rel}","templated":true}]}}