{"id":21988,"date":"2018-01-08T19:29:09","date_gmt":"2018-01-08T22:29:09","guid":{"rendered":"http:\/\/informeformosa.com.ar\/?p=21988"},"modified":"2018-01-08T19:29:09","modified_gmt":"2018-01-08T22:29:09","slug":"arranco-la-colonia-de-vacaciones-ninos-felices","status":"publish","type":"post","link":"http:\/\/informeformosa.com.ar\/?p=21988","title":{"rendered":"Arranc\u00f3 la colonia de vacaciones  \u201cNi\u00f1os Felices\u201d"},"content":{"rendered":"<p>En horas tempranas de este lunes,\u00a0 tras el arribo de los m\u00f3viles\u00a0 habilitados para el transporte de los ni\u00f1os, provenientes de distintos barrios, arranc\u00f3 la colonia de vacaciones\u00a0 \u201cNi\u00f1os Felices\u201d en el complejo del Parque Infantil. \u00a0Como todos los a\u00f1os se renueva esta propuesta del Gobierno a trav\u00e9s de un trabajo articulado entre diferentes \u00a0organismos del Estado a fin de que los infantes de los barrios de la ciudad y el interior puedan disfrutar de una semana de entretenimientos.<\/p>\n<p>Guadalupe Robles, referente de la \u00a0colonia \u00a0del Para\u00edso de los \u00a0Ni\u00f1os,\u00a0 especific\u00f3 \u00a0que \u201c El m\u00f3dulo\u00a0 1 compuesto por\u00a0\u00a0 380 ni\u00f1os\u00a0 de los barrios\u00a0 Guadalupe, La Negrita, 7 de noviembre,\u00a0\u00a0 Parque Urbano,\u00a0 Irati\u00a0 , Lote 68, Independencia, adem\u00e1s de los que se acercan de forma particular y que son transportados por sus padres\u00a0 . Hoy arrancamos con la revisaci\u00f3n m\u00e9dica y odontol\u00f3gica, posteriormente\u00a0 y tras el izamiento de la bandera y\u00a0 desayuno comenz\u00f3 una de las grandes atracciones que son los divertimentos en las piletas.<\/p>\n<p>Roble \u00a0destac\u00f3 \u00a0que en la colonia se tiene en cuenta \u00a0al ni\u00f1o de manera integral, se\u00f1alando que\u00a0\u201csi bien se constituye en un espacio \u00a0de entretenimiento para los ni\u00f1os formose\u00f1os, donde se comparten buenos momentos \u00a0y se fomenta la amistad y las buenas relaciones, \u00a0adem\u00e1s de los natatorios \u00a0se realizan talleres con diferentes tem\u00e1ticas vinculadas a los buenos h\u00e1bitos alimentarios, educaci\u00f3n vial y otros aspectos que hacen a la formaci\u00f3n integral de la persona, aunque en este caso teniendo en cuenta sus edades \u201d.<\/p>\n<p>Los subsecretarios de Cultura, Alfredo Jara y de Educaci\u00f3n, Analia Heizenreder, concejales, entre otras autoridades, estuvieron en el acto apertura junto a los centenares de chicos que formaron parte del modulo inicial de la colonia.<\/p>\n","protected":false},"excerpt":{"rendered":"<p>En horas tempranas de este lunes,\u00a0 tras el arribo de los m\u00f3viles\u00a0 habilitados para el transporte de los ni\u00f1os, provenientes de distintos barrios, arranc\u00f3 la colonia de vacaciones\u00a0 \u201cNi\u00f1os Felices\u201d en el complejo del Parque Infantil. \u00a0Como todos los a\u00f1os se renueva esta propuesta del Gobierno a trav\u00e9s de un trabajo articulado entre diferentes \u00a0organismos [&hellip;]<\/p>\n","protected":false},"author":11,"featured_media":21992,"comment_status":"open","ping_status":"open","sticky":false,"template":"","format":"standard","meta":{"footnotes":""},"categories":[2],"tags":[],"class_list":["post-21988","post","type-post","status-publish","format-standard","has-post-thumbnail","hentry","category-locales"],"_links":{"self":[{"href":"http:\/\/informeformosa.com.ar\/index.php?rest_route=\/wp\/v2\/posts\/21988","targetHints":{"allow":["GET"]}}],"collection":[{"href":"http:\/\/informeformosa.com.ar\/index.php?rest_route=\/wp\/v2\/posts"}],"about":[{"href":"http:\/\/informeformosa.com.ar\/index.php?rest_route=\/wp\/v2\/types\/post"}],"author":[{"embeddable":true,"href":"http:\/\/informeformosa.com.ar\/index.php?rest_route=\/wp\/v2\/users\/11"}],"replies":[{"embeddable":true,"href":"http:\/\/informeformosa.com.ar\/index.php?rest_route=%2Fwp%2Fv2%2Fcomments&post=21988"}],"version-history":[{"count":0,"href":"http:\/\/informeformosa.com.ar\/index.php?rest_route=\/wp\/v2\/posts\/21988\/revisions"}],"wp:featuredmedia":[{"embeddable":true,"href":"http:\/\/informeformosa.com.ar\/index.php?rest_route=\/wp\/v2\/media\/21992"}],"wp:attachment":[{"href":"http:\/\/informeformosa.com.ar\/index.php?rest_route=%2Fwp%2Fv2%2Fmedia&parent=21988"}],"wp:term":[{"taxonomy":"category","embeddable":true,"href":"http:\/\/informeformosa.com.ar\/index.php?rest_route=%2Fwp%2Fv2%2Fcategories&post=21988"},{"taxonomy":"post_tag","embeddable":true,"href":"http:\/\/informeformosa.com.ar\/index.php?rest_route=%2Fwp%2Fv2%2Ftags&post=21988"}],"curies":[{"name":"wp","href":"https:\/\/api.w.org\/{rel}","templated":true}]}}