{"id":21538,"date":"2017-12-22T19:59:02","date_gmt":"2017-12-22T22:59:02","guid":{"rendered":"http:\/\/informeformosa.com.ar\/?p=21538"},"modified":"2017-12-22T19:59:02","modified_gmt":"2017-12-22T22:59:02","slug":"cantata-navidena-en-la-cruz-del-norte","status":"publish","type":"post","link":"http:\/\/informeformosa.com.ar\/?p=21538","title":{"rendered":"Cantata navide\u00f1a en la Cruz del Norte"},"content":{"rendered":"<p>Un gran espect\u00e1culo navide\u00f1o donde la m\u00fasica y las representaciones alusivas a las celebraciones de fin de a\u00f1o a cargo de grupos corales y bailarines, se renovara este s\u00e1bado desde las 19 el espacio de la Cruz del Norte donde se ha montado un atractivo pesebre.<\/p>\n<p>El subsecretario de Cultura, Alfredo Jara, indico que en esta nueva edici\u00f3n de la tradicional \u201cCantata Navide\u00f1a\u201d la celebraci\u00f3n de la Santa Misa estar\u00e1 a cargo de la Pastoral de la parroquia Nuestra Se\u00f1ora del Rosario del barrio hom\u00f3nimo.<\/p>\n<p>All\u00ed se producir\u00e1 la reedici\u00f3n de una de las veladas centrales del calendario del ciclo de la Cantata Navide\u00f1a, en este caso y siendo jornadas previas a la Noche Buena, en ese atractivo espacio se vivir\u00e1n momentos emotivos y que se han arraigado profundamente en las familias formose\u00f1as.<\/p>\n<p>Adem\u00e1s de la Santa Misa, abundaran las reflexiones por \u201ceste sentir del pueblo formose\u00f1o en esta \u00e9poca de adviento, pueblo que transita tiempos nuevos, un tiempo de paz y encuentro\u201d.<\/p>\n<p>El Coro y Orquesta de la provincia \u201cOscar Cardozo Ocampo\u201d, el Coro Infanto Juvenil \u201cChiquita Milanese\u201d y el Ballet Folkl\u00f3rico provincial conforman la grilla de grupos art\u00edsticos que recrearan la tradicional y arraigada cantata, adem\u00e1s de una pantalla gigante que se montara en este amplio y atractivo espacio de la zona sur de la ciudad.<\/p>\n<p>Con este esp\u00edritu y ante la proximidad de estas fechas tan caras a nuestros sentimientos, se brindara un expresivo mensaje de prosperidad a los formose\u00f1os y los mejores auspicios para esta Navidad y el nuevo a\u00f1o que se avecina, deseos que de manera coincidente se expres\u00f3 anoche en el amplio y atractivo espacio de la Cruz del Norte donde se recreara una vez m\u00e1s la tradicional \u201cCantata Navide\u00f1a\u201d.<\/p>\n<p>Se trata de un espect\u00e1culo ya arraigado en las familias, quienes poco antes del atardecer seguramente ir\u00e1n llegando con sus reposeras, mates y tereres para disfrutar de esta propuestas promovidas desde las esferas del Poder Ejecutivo Provincial con el prop\u00f3sito de afirmar los valores de la familia, los sue\u00f1os y esperanzas de los formose\u00f1os, sobre todo por lo que significa para la gente la llegada de las tradicionales celebraciones de Nochebuena y Navidad.<\/p>\n<p>&nbsp;<\/p>\n<p><strong>En el hall de Casa de Gobierno<\/strong><\/p>\n<p><strong>\u00a0<\/strong><\/p>\n<p>El coro infanto-juvenil \u201cChiquita Milanese\u201d con su cancionero navide\u00f1o con letras y ritmos donde sobresale lo local, renov\u00f3 este s\u00e1bado por la ma\u00f1ana la atractiva cantata festiva en el hall de Casa de Gobierno, como parte del programa amplio conteniendo diversas actividades en el \u00e1mbito cultural para el disfrute de los formose\u00f1os.<\/p>\n<p>Como lo viene haciendo todos los a\u00f1os, el gobierno provincial acompa\u00f1a a la comunidad en su renovado entusiasmo en estas fechas tan estimada en los sentimientos cristianos como la del nacimiento de Jes\u00fas. Tambi\u00e9n se dar\u00e1 con la variada gama de pesebres en estamentos p\u00fablicos, clubes, organizaciones civiles y en cada hogar, adem\u00e1s del ya tradicional en la Cruz del Norte, entre otras variadas propuestas donde la fe se renueva junto a atractivas ornamentaciones y s\u00edmbolos que se erigen en los principales paseos p\u00fablicos de la ciudad en pocos d\u00edas m\u00e1s.<\/p>\n","protected":false},"excerpt":{"rendered":"<p>Un gran espect\u00e1culo navide\u00f1o donde la m\u00fasica y las representaciones alusivas a las celebraciones de fin de a\u00f1o a cargo de grupos corales y bailarines, se renovara este s\u00e1bado desde las 19 el espacio de la Cruz del Norte donde se ha montado un atractivo pesebre. El subsecretario de Cultura, Alfredo Jara, indico que en [&hellip;]<\/p>\n","protected":false},"author":11,"featured_media":21544,"comment_status":"open","ping_status":"open","sticky":false,"template":"","format":"standard","meta":{"footnotes":""},"categories":[2],"tags":[],"class_list":["post-21538","post","type-post","status-publish","format-standard","has-post-thumbnail","hentry","category-locales"],"_links":{"self":[{"href":"http:\/\/informeformosa.com.ar\/index.php?rest_route=\/wp\/v2\/posts\/21538","targetHints":{"allow":["GET"]}}],"collection":[{"href":"http:\/\/informeformosa.com.ar\/index.php?rest_route=\/wp\/v2\/posts"}],"about":[{"href":"http:\/\/informeformosa.com.ar\/index.php?rest_route=\/wp\/v2\/types\/post"}],"author":[{"embeddable":true,"href":"http:\/\/informeformosa.com.ar\/index.php?rest_route=\/wp\/v2\/users\/11"}],"replies":[{"embeddable":true,"href":"http:\/\/informeformosa.com.ar\/index.php?rest_route=%2Fwp%2Fv2%2Fcomments&post=21538"}],"version-history":[{"count":0,"href":"http:\/\/informeformosa.com.ar\/index.php?rest_route=\/wp\/v2\/posts\/21538\/revisions"}],"wp:featuredmedia":[{"embeddable":true,"href":"http:\/\/informeformosa.com.ar\/index.php?rest_route=\/wp\/v2\/media\/21544"}],"wp:attachment":[{"href":"http:\/\/informeformosa.com.ar\/index.php?rest_route=%2Fwp%2Fv2%2Fmedia&parent=21538"}],"wp:term":[{"taxonomy":"category","embeddable":true,"href":"http:\/\/informeformosa.com.ar\/index.php?rest_route=%2Fwp%2Fv2%2Fcategories&post=21538"},{"taxonomy":"post_tag","embeddable":true,"href":"http:\/\/informeformosa.com.ar\/index.php?rest_route=%2Fwp%2Fv2%2Ftags&post=21538"}],"curies":[{"name":"wp","href":"https:\/\/api.w.org\/{rel}","templated":true}]}}