{"id":21535,"date":"2017-12-22T19:55:33","date_gmt":"2017-12-22T22:55:33","guid":{"rendered":"http:\/\/informeformosa.com.ar\/?p=21535"},"modified":"2017-12-22T19:55:33","modified_gmt":"2017-12-22T22:55:33","slug":"el-gobierno-renueva-gesto-navideno-entregando-270-mil-bolsas-navidenas","status":"publish","type":"post","link":"http:\/\/informeformosa.com.ar\/?p=21535","title":{"rendered":"El gobierno renueva gesto navide\u00f1o  entregando 270 mil bolsas navide\u00f1as"},"content":{"rendered":"<p>Renovando un gesto de todos los a\u00f1os para la \u00e9poca, el gobierno provincial inicio la distribuci\u00f3n de 270 mil bolsas navide\u00f1as conteniendo unidades de sidra y pan dulce a igual n\u00famero de familias.<\/p>\n<p>Desde el mi\u00e9rcoles se comenz\u00f3 con la distribuci\u00f3n en todo el populoso sector norte de la ciudad donde residen cerca de 90 mil familias, comprendiendo barriadas como Eva Peron, Rep\u00fablica Argentina, Juan Domingo Peron, entre varios otros.<\/p>\n<p>Por ejemplo en el barrio Guadalupe y cercan\u00edas este viernes se entregaron unas mil setecientas bolsas, para lo cual militantes, voluntarios y hasta vecinos se sumaron\u00a0 a esta labor de profundo contenido solidario. Mientras se avanzaba en el cercano Parque Urbano, ya se dispon\u00edan cubrir otros populosos sectores como La Colonia, aunque ya el jueves se concluyo con Colluccio, Malvinas Solidaridad, Illia y otros de ese sector sur de la ciudad.<\/p>\n<p>El operativo de distribuci\u00f3n de decenas de miles de bolsas navide\u00f1as se trata de aporte en v\u00edsperas de estas fechas festivas, adhiri\u00e9ndose as\u00ed de celebraci\u00f3n familiar, por lo que el presenta alcanza a los hogares formose\u00f1os, oficinas p\u00fablicas y organismos que alojan a personas discapacitadas, privadas de su libertad o en guarda judicial.<\/p>\n<p>\u201cEs\u00a0un gesto sencillo pero lleno de significado, en especial el deseo del compartir con las familias formose\u00f1as que le asigna el gobierno\u201d, fue subrayado, sobre todo insisti\u00e9ndose en el valor \u201cde la uni\u00f3n de las familia y los seres queridos, en un clima de fraternidad y con un sentido de fiesta\u201d, se subrayo en torno a la real dimensi\u00f3n del expresivo simbolismo que tiene como connotaci\u00f3n este presente.<\/p>\n<p>Es as\u00ed que previa a la festividad navide\u00f1a, voluntarios y dirigentes sociales se encuentra desde hace ya varios d\u00edas en la tarea de acondicionar el presente que llegara a todos los hogares formose\u00f1os.<\/p>\n<p>Tambi\u00e9n se est\u00e1 coordinando los grupos de trabajo que de manera organiza en barrios de la ciudad y todo el interior, ser\u00e1n los encargados de llevar el presente casa por casa, \u201cde modo tal que esa entrega represente la simbolog\u00eda de un brindis compartido en la b\u00fasqueda de la afirmaci\u00f3n de la unidad, la organizaci\u00f3n y la solidaridad que proclama constantemente nuestro gobernador Gildo Insfr\u00e1n\u201d, fue significado.<\/p>\n<p>\u201cEste presente navide\u00f1o es un complemento material de todo un conjunto de se\u00f1ales que emite el Gobierno provincial en consonancia con el clima de j\u00fabilo que los cristianos disfrutan y los que no lo son respetan, evocando el nacimiento de Jes\u00fas en Bel\u00e9n\u201d, se se\u00f1alo.<\/p>\n<p>\u00abEs una forma m\u00e1s de estar al lado de nuestra gente, como cada a\u00f1o les llevamos pan dulce y sidra, para acompa\u00f1ar el brindis familiar, la gente espera este gesto y por supuesto que lo vamos a cumplir\u201d indicaron desde la esfera donde se coordina este plan tendiente a llegar con el presente a cada familia formose\u00f1a.<\/p>\n<p>Se significo finalmente que \u201ceste gesto ya arraigado no es algo aislado, sino parte de un programa integral que se propende desde el estado provincial. Y es que por ejemplo tiene entre sus facetas la atenci\u00f3n preferencial a la ni\u00f1ez cuando se les entrega los juguetes por el D\u00eda de Reyes o en el D\u00eda del Ni\u00f1o, o los kits de \u00fatiles escolares en el inicio de clases, y contin\u00faa con las actividades culturales y deportivas durante todo el a\u00f1o, simult\u00e1neamente con medidas de Gobierno de atenci\u00f3n integral de la salud (Libretas de Salud Escolar) a cargo de las \u00e1reas especificas del ministerio de Desarrollo Humano\u201d.<\/p>\n","protected":false},"excerpt":{"rendered":"<p>Renovando un gesto de todos los a\u00f1os para la \u00e9poca, el gobierno provincial inicio la distribuci\u00f3n de 270 mil bolsas navide\u00f1as conteniendo unidades de sidra y pan dulce a igual n\u00famero de familias. Desde el mi\u00e9rcoles se comenz\u00f3 con la distribuci\u00f3n en todo el populoso sector norte de la ciudad donde residen cerca de 90 [&hellip;]<\/p>\n","protected":false},"author":11,"featured_media":21540,"comment_status":"open","ping_status":"open","sticky":false,"template":"","format":"standard","meta":{"footnotes":""},"categories":[21],"tags":[],"class_list":["post-21535","post","type-post","status-publish","format-standard","has-post-thumbnail","hentry","category-provinciales"],"_links":{"self":[{"href":"http:\/\/informeformosa.com.ar\/index.php?rest_route=\/wp\/v2\/posts\/21535","targetHints":{"allow":["GET"]}}],"collection":[{"href":"http:\/\/informeformosa.com.ar\/index.php?rest_route=\/wp\/v2\/posts"}],"about":[{"href":"http:\/\/informeformosa.com.ar\/index.php?rest_route=\/wp\/v2\/types\/post"}],"author":[{"embeddable":true,"href":"http:\/\/informeformosa.com.ar\/index.php?rest_route=\/wp\/v2\/users\/11"}],"replies":[{"embeddable":true,"href":"http:\/\/informeformosa.com.ar\/index.php?rest_route=%2Fwp%2Fv2%2Fcomments&post=21535"}],"version-history":[{"count":0,"href":"http:\/\/informeformosa.com.ar\/index.php?rest_route=\/wp\/v2\/posts\/21535\/revisions"}],"wp:featuredmedia":[{"embeddable":true,"href":"http:\/\/informeformosa.com.ar\/index.php?rest_route=\/wp\/v2\/media\/21540"}],"wp:attachment":[{"href":"http:\/\/informeformosa.com.ar\/index.php?rest_route=%2Fwp%2Fv2%2Fmedia&parent=21535"}],"wp:term":[{"taxonomy":"category","embeddable":true,"href":"http:\/\/informeformosa.com.ar\/index.php?rest_route=%2Fwp%2Fv2%2Fcategories&post=21535"},{"taxonomy":"post_tag","embeddable":true,"href":"http:\/\/informeformosa.com.ar\/index.php?rest_route=%2Fwp%2Fv2%2Ftags&post=21535"}],"curies":[{"name":"wp","href":"https:\/\/api.w.org\/{rel}","templated":true}]}}