{"id":21515,"date":"2017-12-21T19:42:02","date_gmt":"2017-12-21T22:42:02","guid":{"rendered":"http:\/\/informeformosa.com.ar\/?p=21515"},"modified":"2017-12-21T19:42:02","modified_gmt":"2017-12-21T22:42:02","slug":"receso-administrativo-se-extendera-del-26-de-diciembre-al-31-de-enero-de-2018","status":"publish","type":"post","link":"http:\/\/informeformosa.com.ar\/?p=21515","title":{"rendered":"Receso Administrativo se extender\u00e1 del 26 de diciembre al 31 de enero de 2018"},"content":{"rendered":"<p>Desde el dia martes 26 del corriente al 31 de enero del a\u00f1o 2018 inclusive, regir\u00e1 el receso en la administraci\u00f3n p\u00fablica provincial, dispuesto a trav\u00e9s del decreto n\u00famero 458 suscripto por\u00a0 el gobernador Gildo Insfr\u00e1n.<\/p>\n<p>Quedo establecido a trav\u00e9s de este instrumento legal que en este lapso y con car\u00e1cter de excepcional el horario de labor de la administraci\u00f3n p\u00fablica provincial, que regir\u00e1 durante el receso, de 8 a 12 horas.<\/p>\n<p>A trav\u00e9s de este instrumento legal fijando el receso administrativo dispuesto en el art\u00edculo 34 del Decreto 1980\/90,\u00a0 a partir del 26 del corriente al 31 de enero de 2018 inclusive, se dispuso que en este per\u00edodo, el personal deber\u00e1 usufructuar su licencia anual reglamentaria, con excepci\u00f3n de los organismos afectados a servicios p\u00fablicos esenciales:\u00a0 Ministerios de Desarrollo Humano, Turismo y la Comunidad, Servicio Provincial de Agua Potable, Subsecretar\u00eda de Comunicaci\u00f3n Social y entes recaudadores.<\/p>\n<p>Lo propio las direcciones de: Parque Infantil, Vialidad Provincial, Inform\u00e1tica y Teleprocesamiento, Registro Civil y Capacidad de las Personas, Defensa Civil, Catastro Territorial, Registro de la Propiedad Inmueble, Subsecretar\u00eda de Comercio e Inversiones, Subsecretaria de Hacienda y Finanzas, Contadur\u00eda General, Tesorer\u00eda General, Instituto de Colonizaci\u00f3n y Tierras Fiscales, Escriban\u00eda Mayor de Gobierno y Departamento Intendencia de Casa de Gobierno, quienes dispondr\u00e1n las medidas necesarias para la efectiva aplicaci\u00f3n de este decreto.<\/p>\n","protected":false},"excerpt":{"rendered":"<p>Desde el dia martes 26 del corriente al 31 de enero del a\u00f1o 2018 inclusive, regir\u00e1 el receso en la administraci\u00f3n p\u00fablica provincial, dispuesto a trav\u00e9s del decreto n\u00famero 458 suscripto por\u00a0 el gobernador Gildo Insfr\u00e1n. Quedo establecido a trav\u00e9s de este instrumento legal que en este lapso y con car\u00e1cter de excepcional el horario [&hellip;]<\/p>\n","protected":false},"author":11,"featured_media":21522,"comment_status":"open","ping_status":"open","sticky":false,"template":"","format":"standard","meta":{"footnotes":""},"categories":[2],"tags":[],"class_list":["post-21515","post","type-post","status-publish","format-standard","has-post-thumbnail","hentry","category-locales"],"_links":{"self":[{"href":"http:\/\/informeformosa.com.ar\/index.php?rest_route=\/wp\/v2\/posts\/21515","targetHints":{"allow":["GET"]}}],"collection":[{"href":"http:\/\/informeformosa.com.ar\/index.php?rest_route=\/wp\/v2\/posts"}],"about":[{"href":"http:\/\/informeformosa.com.ar\/index.php?rest_route=\/wp\/v2\/types\/post"}],"author":[{"embeddable":true,"href":"http:\/\/informeformosa.com.ar\/index.php?rest_route=\/wp\/v2\/users\/11"}],"replies":[{"embeddable":true,"href":"http:\/\/informeformosa.com.ar\/index.php?rest_route=%2Fwp%2Fv2%2Fcomments&post=21515"}],"version-history":[{"count":0,"href":"http:\/\/informeformosa.com.ar\/index.php?rest_route=\/wp\/v2\/posts\/21515\/revisions"}],"wp:featuredmedia":[{"embeddable":true,"href":"http:\/\/informeformosa.com.ar\/index.php?rest_route=\/wp\/v2\/media\/21522"}],"wp:attachment":[{"href":"http:\/\/informeformosa.com.ar\/index.php?rest_route=%2Fwp%2Fv2%2Fmedia&parent=21515"}],"wp:term":[{"taxonomy":"category","embeddable":true,"href":"http:\/\/informeformosa.com.ar\/index.php?rest_route=%2Fwp%2Fv2%2Fcategories&post=21515"},{"taxonomy":"post_tag","embeddable":true,"href":"http:\/\/informeformosa.com.ar\/index.php?rest_route=%2Fwp%2Fv2%2Ftags&post=21515"}],"curies":[{"name":"wp","href":"https:\/\/api.w.org\/{rel}","templated":true}]}}