{"id":21498,"date":"2017-12-21T19:24:11","date_gmt":"2017-12-21T22:24:11","guid":{"rendered":"http:\/\/informeformosa.com.ar\/?p=21498"},"modified":"2017-12-21T19:24:11","modified_gmt":"2017-12-21T22:24:11","slug":"por-despidos-de-personal-horario-reducido-en-senasa","status":"publish","type":"post","link":"http:\/\/informeformosa.com.ar\/?p=21498","title":{"rendered":"Por despidos de personal, horario reducido en Senasa"},"content":{"rendered":"<p>Dirigente pertenecientes a la Asociaci\u00f3n de Trabajadores\u00a0 del Estado\u00a0 (ATE), se reunieron\u00a0 con el director \u00a0de la Delegaci\u00f3n\u00a0 Formosa del SENASA, para \u00a0tratar sobre\u00a0 el despido\u00a0 de cuatro trabajadores de esa \u00a0entidad nacional\u00a0 a fin de evitar medidas de fuerza, confirmando al t\u00e9rmino de la misma,\u00a0 que la entidad atender\u00e1 al p\u00fablico solamente dos horas\u00a0 como medida de fuerza ante \u201cesa arbitrariedad \u201d.<\/p>\n<p>De los cuatro trabajadores despedidos, dos\u00a0 son \u00a0de \u00a0Formosa capital, uno de Clorinda\u00a0 y el cuarto es del Chaco, cuyos contratos quedan rescindidos a partir del\u00a0 31 de diciembre. \u00a0Ante esa situaci\u00f3n \u00a0solamente\u00a0\u00a0 la atenci\u00f3n al p\u00fablico ser\u00e1 de dos horas, raz\u00f3n por la cual pidieron\u00a0 \u201ccompresi\u00f3n a los productores \u201c ante la acuciante situaci\u00f3n que est\u00e1n viviendo.<\/p>\n<p>Los\u00a0 trabajadores damnificados, en su mayor\u00eda\u00a0 veterinarios, se declararon\u00a0 en estado de alerta y movilizaci\u00f3n\u00a0 por las medidas arbitrarias\u00a0 que se est\u00e1n tomando y que tambi\u00e9n perjudicar\u00e1 a otros\u00a0 compa\u00f1eros.<\/p>\n<p>&nbsp;<\/p>\n<p>&nbsp;<\/p>\n","protected":false},"excerpt":{"rendered":"<p>Dirigente pertenecientes a la Asociaci\u00f3n de Trabajadores\u00a0 del Estado\u00a0 (ATE), se reunieron\u00a0 con el director \u00a0de la Delegaci\u00f3n\u00a0 Formosa del SENASA, para \u00a0tratar sobre\u00a0 el despido\u00a0 de cuatro trabajadores de esa \u00a0entidad nacional\u00a0 a fin de evitar medidas de fuerza, confirmando al t\u00e9rmino de la misma,\u00a0 que la entidad atender\u00e1 al p\u00fablico solamente dos horas\u00a0 [&hellip;]<\/p>\n","protected":false},"author":11,"featured_media":21503,"comment_status":"open","ping_status":"open","sticky":false,"template":"","format":"standard","meta":{"footnotes":""},"categories":[6],"tags":[],"class_list":["post-21498","post","type-post","status-publish","format-standard","has-post-thumbnail","hentry","category-nacionales"],"_links":{"self":[{"href":"http:\/\/informeformosa.com.ar\/index.php?rest_route=\/wp\/v2\/posts\/21498","targetHints":{"allow":["GET"]}}],"collection":[{"href":"http:\/\/informeformosa.com.ar\/index.php?rest_route=\/wp\/v2\/posts"}],"about":[{"href":"http:\/\/informeformosa.com.ar\/index.php?rest_route=\/wp\/v2\/types\/post"}],"author":[{"embeddable":true,"href":"http:\/\/informeformosa.com.ar\/index.php?rest_route=\/wp\/v2\/users\/11"}],"replies":[{"embeddable":true,"href":"http:\/\/informeformosa.com.ar\/index.php?rest_route=%2Fwp%2Fv2%2Fcomments&post=21498"}],"version-history":[{"count":0,"href":"http:\/\/informeformosa.com.ar\/index.php?rest_route=\/wp\/v2\/posts\/21498\/revisions"}],"wp:featuredmedia":[{"embeddable":true,"href":"http:\/\/informeformosa.com.ar\/index.php?rest_route=\/wp\/v2\/media\/21503"}],"wp:attachment":[{"href":"http:\/\/informeformosa.com.ar\/index.php?rest_route=%2Fwp%2Fv2%2Fmedia&parent=21498"}],"wp:term":[{"taxonomy":"category","embeddable":true,"href":"http:\/\/informeformosa.com.ar\/index.php?rest_route=%2Fwp%2Fv2%2Fcategories&post=21498"},{"taxonomy":"post_tag","embeddable":true,"href":"http:\/\/informeformosa.com.ar\/index.php?rest_route=%2Fwp%2Fv2%2Ftags&post=21498"}],"curies":[{"name":"wp","href":"https:\/\/api.w.org\/{rel}","templated":true}]}}