{"id":21487,"date":"2017-12-21T19:00:42","date_gmt":"2017-12-21T22:00:42","guid":{"rendered":"http:\/\/informeformosa.com.ar\/?p=21487"},"modified":"2017-12-21T19:00:42","modified_gmt":"2017-12-21T22:00:42","slug":"capymef-el-reordenamiento-del-mercadito-sera-beneficioso-para-todos","status":"publish","type":"post","link":"http:\/\/informeformosa.com.ar\/?p=21487","title":{"rendered":"CAPYMEF: \u201cel reordenamiento del mercadito  ser\u00e1 beneficioso para todos\u201d"},"content":{"rendered":"<p>Fabi\u00e1n Hryniewicz, presidente de la\u00a0 CAPYMEF, se mostr\u00f3 complacido por el reordenamiento\u00a0 de\u00a0\u00a0 la zona del\u00a0 mercadito impulsado desde el Estado para reubicar\u00a0 a los comerciantes que trabajan en esa zona de la\u00a0 ciudad,<\/p>\n<p>Admiti\u00f3\u00a0 sentirse sorprendido y emocionado ante esa decisi\u00f3n de esa \u201cetapa de reordenamiento de la v\u00eda p\u00fablica, para reubicar a los que est\u00e1n trabajando en la calle\u00a0 en locales apropiados lo que redignificar\u00e1 su condici\u00f3n de peque\u00f1o comerciante y salir de la precariedad y de la venta de productos de dudosa procedencia para trabajar dentro del marco de la legalidad\u201d.<\/p>\n<p>Hryniewicz, admiti\u00f3 que mas all\u00e1 del reordenamiento f\u00edsico que cambiar\u00e1 sustancialmente la imagen de esa zona c\u00e9ntrica convirti\u00e9ndola en un verdadero paseo de compra\u00a0 para que sea un atractivo tur\u00edstico, \u00a0\u201cser\u00eda interesante que este reordenamiento se sume el\u00a0\u00a0 ordenamiento fiscal para evitar la competencia desleal \u201c<\/p>\n<p>De esta manera y desde el punto de vista desde el presidente de la\u00a0 CAPYMEF \u201cesta decisi\u00f3n pol\u00edtica de reordenamiento\u00a0 va a llevar su tiempo pero\u00a0 va a servir para que esta personas puedan despegar comercialmente, terminar\u00a0 la ilegalidad, la clandestinidad y la mafia que afectan a toda la sociedad\u201d.<\/p>\n<p>Finalmente confirm\u00f3 la decisi\u00f3n de la CAPYMEF de trabajar de manera mancomunada\u00a0 para que este proyecto se lleve a cabo de manera exitosa.<\/p>\n","protected":false},"excerpt":{"rendered":"<p>Fabi\u00e1n Hryniewicz, presidente de la\u00a0 CAPYMEF, se mostr\u00f3 complacido por el reordenamiento\u00a0 de\u00a0\u00a0 la zona del\u00a0 mercadito impulsado desde el Estado para reubicar\u00a0 a los comerciantes que trabajan en esa zona de la\u00a0 ciudad, Admiti\u00f3\u00a0 sentirse sorprendido y emocionado ante esa decisi\u00f3n de esa \u201cetapa de reordenamiento de la v\u00eda p\u00fablica, para reubicar a los [&hellip;]<\/p>\n","protected":false},"author":11,"featured_media":21490,"comment_status":"open","ping_status":"open","sticky":false,"template":"","format":"standard","meta":{"footnotes":""},"categories":[2],"tags":[],"class_list":["post-21487","post","type-post","status-publish","format-standard","has-post-thumbnail","hentry","category-locales"],"_links":{"self":[{"href":"http:\/\/informeformosa.com.ar\/index.php?rest_route=\/wp\/v2\/posts\/21487","targetHints":{"allow":["GET"]}}],"collection":[{"href":"http:\/\/informeformosa.com.ar\/index.php?rest_route=\/wp\/v2\/posts"}],"about":[{"href":"http:\/\/informeformosa.com.ar\/index.php?rest_route=\/wp\/v2\/types\/post"}],"author":[{"embeddable":true,"href":"http:\/\/informeformosa.com.ar\/index.php?rest_route=\/wp\/v2\/users\/11"}],"replies":[{"embeddable":true,"href":"http:\/\/informeformosa.com.ar\/index.php?rest_route=%2Fwp%2Fv2%2Fcomments&post=21487"}],"version-history":[{"count":0,"href":"http:\/\/informeformosa.com.ar\/index.php?rest_route=\/wp\/v2\/posts\/21487\/revisions"}],"wp:featuredmedia":[{"embeddable":true,"href":"http:\/\/informeformosa.com.ar\/index.php?rest_route=\/wp\/v2\/media\/21490"}],"wp:attachment":[{"href":"http:\/\/informeformosa.com.ar\/index.php?rest_route=%2Fwp%2Fv2%2Fmedia&parent=21487"}],"wp:term":[{"taxonomy":"category","embeddable":true,"href":"http:\/\/informeformosa.com.ar\/index.php?rest_route=%2Fwp%2Fv2%2Fcategories&post=21487"},{"taxonomy":"post_tag","embeddable":true,"href":"http:\/\/informeformosa.com.ar\/index.php?rest_route=%2Fwp%2Fv2%2Ftags&post=21487"}],"curies":[{"name":"wp","href":"https:\/\/api.w.org\/{rel}","templated":true}]}}