{"id":21435,"date":"2017-12-20T19:52:49","date_gmt":"2017-12-20T22:52:49","guid":{"rendered":"http:\/\/informeformosa.com.ar\/?p=21435"},"modified":"2017-12-20T19:52:49","modified_gmt":"2017-12-20T22:52:49","slug":"mas-de-1000-comedores-escolares-funcionaran-durante-el-receso","status":"publish","type":"post","link":"http:\/\/informeformosa.com.ar\/?p=21435","title":{"rendered":"M\u00e1s de 1000 comedores escolares   funcionar\u00e1n  durante el receso"},"content":{"rendered":"<p>El licenciado Mario Faray, responsable de los comedores escolares\u00a0 del ministerio de cultura y Educaci\u00f3n de Formosa, confirm\u00f3 que durante el receso escolar todos los comedores escolares\u00a0 de la provincia\u00a0 funcionaran normalmente\u00a0 resaltando que \u201chay una decisi\u00f3n pol\u00edtica\u00a0 del Gobierno de mantener el funcionamiento de los comedores durante los doce meses\u00a0 y que Formosa es una de las pocas provincias del pa\u00eds que lo hace\u201d,<\/p>\n<p>Al respecto se\u00f1al\u00f3\u00a0 que\u00a0 si bien culminaron las actividades acad\u00e9micas\u00a0 en las escuelas,\u00a0\u00a0 en forma\u00a0 paralela se continuar\u00e1n funcionando los comedores\u00a0 bajo la modalidad\u00a0 establecida para el receso.<\/p>\n<p>Faray resalt\u00f3 que se trata de un servicio que se brinda a aproximadamente 1075 unidades de comedores escolares en todo el territorio provincial\u00a0 y que la atenci\u00f3n se har\u00e1 de manera normal de lunes a viernes,\u00a0 salvo los feriados, aclarando que \u201calgunas escuelas brindan\u00a0 los servicios de copa de leche y almuerzo, mientras que las escuelas albergues tambi\u00e9n tienen cena\u201d<\/p>\n<p>Con respecto a la organizaci\u00f3n\u00a0 de las instituciones para garantizar la continuidad del servicio expres\u00f3 que \u201cla prestaci\u00f3n se hace en las escuelas, con docentes comprometidos con el proyecto y el acompa\u00f1amiento de la comunidad educativa\u201d.<\/p>\n<p>Aclar\u00f3\u00a0 que\u00a0 aunque\u00a0 los colegios secundarios cuentan con el servicio de copa de leche\u00a0 gracias \u201ca una decisi\u00f3n pol\u00edtica del Gobernador Gildo Insfr\u00e1n \u201c,\u00a0 \u00e9stos solo funcionan durante el ciclo lectivo<\/p>\n<p>Finalmente el funcionario hizo hincapi\u00e9\u00a0 en que \u201cel programa est\u00e1 garantizado por el Gobierno provincial, m\u00e1s all\u00e1 de las particularidades que tenga desde Naci\u00f3n\u00a0 y que no existe ning\u00fan tipo de sobresalto para su normal\u00a0 desarrollo\u201d<\/p>\n","protected":false},"excerpt":{"rendered":"<p>El licenciado Mario Faray, responsable de los comedores escolares\u00a0 del ministerio de cultura y Educaci\u00f3n de Formosa, confirm\u00f3 que durante el receso escolar todos los comedores escolares\u00a0 de la provincia\u00a0 funcionaran normalmente\u00a0 resaltando que \u201chay una decisi\u00f3n pol\u00edtica\u00a0 del Gobierno de mantener el funcionamiento de los comedores durante los doce meses\u00a0 y que Formosa es [&hellip;]<\/p>\n","protected":false},"author":11,"featured_media":21440,"comment_status":"open","ping_status":"open","sticky":false,"template":"","format":"standard","meta":{"footnotes":""},"categories":[21],"tags":[],"class_list":["post-21435","post","type-post","status-publish","format-standard","has-post-thumbnail","hentry","category-provinciales"],"_links":{"self":[{"href":"http:\/\/informeformosa.com.ar\/index.php?rest_route=\/wp\/v2\/posts\/21435","targetHints":{"allow":["GET"]}}],"collection":[{"href":"http:\/\/informeformosa.com.ar\/index.php?rest_route=\/wp\/v2\/posts"}],"about":[{"href":"http:\/\/informeformosa.com.ar\/index.php?rest_route=\/wp\/v2\/types\/post"}],"author":[{"embeddable":true,"href":"http:\/\/informeformosa.com.ar\/index.php?rest_route=\/wp\/v2\/users\/11"}],"replies":[{"embeddable":true,"href":"http:\/\/informeformosa.com.ar\/index.php?rest_route=%2Fwp%2Fv2%2Fcomments&post=21435"}],"version-history":[{"count":0,"href":"http:\/\/informeformosa.com.ar\/index.php?rest_route=\/wp\/v2\/posts\/21435\/revisions"}],"wp:featuredmedia":[{"embeddable":true,"href":"http:\/\/informeformosa.com.ar\/index.php?rest_route=\/wp\/v2\/media\/21440"}],"wp:attachment":[{"href":"http:\/\/informeformosa.com.ar\/index.php?rest_route=%2Fwp%2Fv2%2Fmedia&parent=21435"}],"wp:term":[{"taxonomy":"category","embeddable":true,"href":"http:\/\/informeformosa.com.ar\/index.php?rest_route=%2Fwp%2Fv2%2Fcategories&post=21435"},{"taxonomy":"post_tag","embeddable":true,"href":"http:\/\/informeformosa.com.ar\/index.php?rest_route=%2Fwp%2Fv2%2Ftags&post=21435"}],"curies":[{"name":"wp","href":"https:\/\/api.w.org\/{rel}","templated":true}]}}