{"id":21432,"date":"2017-12-20T19:49:44","date_gmt":"2017-12-20T22:49:44","guid":{"rendered":"http:\/\/informeformosa.com.ar\/?p=21432"},"modified":"2017-12-20T19:49:44","modified_gmt":"2017-12-20T22:49:44","slug":"ibanez-ratifico-el-pago-del-sueldo-y-aguinaldo-el-21-y-22","status":"publish","type":"post","link":"http:\/\/informeformosa.com.ar\/?p=21432","title":{"rendered":"Ib\u00e1\u00f1ez ratific\u00f3 el pago del  sueldo y aguinaldo  el 21 y 22"},"content":{"rendered":"<p>En el marco del lanzamiento de la canasta\u00a0 y cajita navide\u00f1a\u00a0 que se\u00a0 realiz\u00f3 esta ma\u00f1ana, El ministro de Econom\u00eda Hacienda y Finanzas\u00a0 de Formosa,\u00a0 Jorge Ib\u00e1\u00f1ez,\u00a0 habl\u00f3 sobre\u00a0 el impacto que tendr\u00e1 en las ventas el pago\u00a0 conjunto del sueldo y medio aguinaldo, que tendr\u00e1 lugar este jueves y viernes , habl\u00f3 sobre\u00a0 las repercusiones del programa \u201cCompra m\u00e1s y compre menos\u201d en la econom\u00eda local, y reflexion\u00f3 sobre el contexto econ\u00f3mico nacional<\/p>\n<p>El funcionario\u00a0 confirm\u00f3 el pago conjunto de sueldo y medio aguinaldo\u00a0 este jueves 21 y viernes 22\u00a0\u00a0 expresando que \u201cPara el gobierno significa\u00a0 un desembolso de m\u00e1s de\u00a0 2.100 millones de pesos del tesoro provincial\u00a0\u00a0 que estoy seguro que\u00a0 va a dinamizar el consumo\u00a0 y por ende reactivar\u00e1 la venta\u201d.<\/p>\n<p>Con respecto a\u00a0 las repercusiones\u00a0 del programa \u201ccompre m\u00e1s y pague menos\u201d que desde el mes de julio se viene llevando a cabo\u00a0 con el impulso del Gobierno provincial , destac\u00f3 que \u201cfue todo un \u00e9xito\u00a0 tanto en\u00a0 capital como en el interior provincial que permiti\u00f3 que se beneficiaran no solo a los agentes del estado, sino todo aquel que tuviera\u00a0 la tarjeta de d\u00e9bito del Banco de Formosa , para adquirir\u00a0 productos alimenticios al 50%,sino tambi\u00e9n a peque\u00f1os, medianos y grandes comercios \u201c.<\/p>\n<p>En lo referente al contexto econ\u00f3mico nacional\u00a0 el ministro Ib\u00e1\u00f1ez, consider\u00f3 \u201cNo somos de los que queremos que al gobierno nacional le vaya mal\u00a0 para que nos vaya bien a nosotros, sin embargo hay que tener en cuenta que hay varias luces rojas en el tablero nacional.\u00a0 La inflaci\u00f3n contin\u00faa es muy preocupante, lo mismo que el d\u00e9ficit mensual\u00a0 a lo que se suma el preocupante endeudamiento\u00a0 muy importante.\u201d<\/p>\n<p>En el mismo sentido\u00a0 dijo \u201cson problemas graves\u00a0 que estamos transitando y que humildemente creemos que la econom\u00eda deber\u00eda tomar otro rumbo, Sin embargo hay que ser optimista a pesar\u00a0 de las se\u00f1ales clara de que en econom\u00eda no vamos por un buen camino\u201d.<\/p>\n<p>&nbsp;<\/p>\n<p>&nbsp;<\/p>\n<p>&nbsp;<\/p>\n","protected":false},"excerpt":{"rendered":"<p>En el marco del lanzamiento de la canasta\u00a0 y cajita navide\u00f1a\u00a0 que se\u00a0 realiz\u00f3 esta ma\u00f1ana, El ministro de Econom\u00eda Hacienda y Finanzas\u00a0 de Formosa,\u00a0 Jorge Ib\u00e1\u00f1ez,\u00a0 habl\u00f3 sobre\u00a0 el impacto que tendr\u00e1 en las ventas el pago\u00a0 conjunto del sueldo y medio aguinaldo, que tendr\u00e1 lugar este jueves y viernes , habl\u00f3 sobre\u00a0 las [&hellip;]<\/p>\n","protected":false},"author":11,"featured_media":17386,"comment_status":"open","ping_status":"open","sticky":false,"template":"","format":"standard","meta":{"footnotes":""},"categories":[3],"tags":[],"class_list":["post-21432","post","type-post","status-publish","format-standard","has-post-thumbnail","hentry","category-politica-y-economia"],"_links":{"self":[{"href":"http:\/\/informeformosa.com.ar\/index.php?rest_route=\/wp\/v2\/posts\/21432","targetHints":{"allow":["GET"]}}],"collection":[{"href":"http:\/\/informeformosa.com.ar\/index.php?rest_route=\/wp\/v2\/posts"}],"about":[{"href":"http:\/\/informeformosa.com.ar\/index.php?rest_route=\/wp\/v2\/types\/post"}],"author":[{"embeddable":true,"href":"http:\/\/informeformosa.com.ar\/index.php?rest_route=\/wp\/v2\/users\/11"}],"replies":[{"embeddable":true,"href":"http:\/\/informeformosa.com.ar\/index.php?rest_route=%2Fwp%2Fv2%2Fcomments&post=21432"}],"version-history":[{"count":0,"href":"http:\/\/informeformosa.com.ar\/index.php?rest_route=\/wp\/v2\/posts\/21432\/revisions"}],"wp:featuredmedia":[{"embeddable":true,"href":"http:\/\/informeformosa.com.ar\/index.php?rest_route=\/wp\/v2\/media\/17386"}],"wp:attachment":[{"href":"http:\/\/informeformosa.com.ar\/index.php?rest_route=%2Fwp%2Fv2%2Fmedia&parent=21432"}],"wp:term":[{"taxonomy":"category","embeddable":true,"href":"http:\/\/informeformosa.com.ar\/index.php?rest_route=%2Fwp%2Fv2%2Fcategories&post=21432"},{"taxonomy":"post_tag","embeddable":true,"href":"http:\/\/informeformosa.com.ar\/index.php?rest_route=%2Fwp%2Fv2%2Ftags&post=21432"}],"curies":[{"name":"wp","href":"https:\/\/api.w.org\/{rel}","templated":true}]}}