{"id":21421,"date":"2017-12-20T19:40:09","date_gmt":"2017-12-20T22:40:09","guid":{"rendered":"http:\/\/informeformosa.com.ar\/?p=21421"},"modified":"2017-12-20T19:40:09","modified_gmt":"2017-12-20T22:40:09","slug":"asamblea-anual-del-cep","status":"publish","type":"post","link":"http:\/\/informeformosa.com.ar\/?p=21421","title":{"rendered":"Asamblea anual del  CEP"},"content":{"rendered":"<p>Con alta participaci\u00f3n de\u00a0 asociados se realiz\u00f3 \u00a0recientemente, la Asamblea\u00a0 anual\u00a0 del Centro de Empleados P\u00fablicos (CEP), durante la cual tras\u00a0 aprobarse el balance\u00a0 2017 , se ratific\u00f3\u00a0 el apoyo\u00a0 a la gesti\u00f3n de la Comisi\u00f3n Directiva que preside \u00a0el Licenciado Faustino \u201c Yiyo\u201d Duarte.<\/p>\n<p>En primer lugar , los miembros de la asamblea\u00a0 aprobaron\u00a0 por unanimidad el balance\u00a0 y memoria\u00a0\u00a0 del\u00a0 ejercicio 2017 con un informe pormenorizado de la Comisi\u00f3n\u00a0 de Fiscalizaci\u00f3n. Posteriormente\u00a0 el presidente del CEP , realiz\u00f3 un claro informe sobre los avances en las obras y la propuesta\u00a0 de trabajo para el a\u00f1o 2018.<\/p>\n<p>En uno de los tramos de su alocuci\u00f3n\u00a0 duarte\u00a0\u00a0 pidi\u00f3 a los asociados \u201cun mayor protagonismo para afirmar el crecimiento institucional \u201cdel rol que cumplen los empleados estatales\u00a0 como parte de la comunidad organizada \u201c, tras lo cual\u00a0 dio lectura\u00a0 a una declaraci\u00f3n de los asamble\u00edstas\u00a0 con relaci\u00f3n a la realidad social del Pa\u00eds\u00a0 y la Provincia.<\/p>\n<p>Durante el desarrollo de la Asamblea \u00a0tambi\u00e9n tuvieron participaci\u00f3n en car\u00e1cter de invitados \u00a0\u00a0directivos del emprendimiento\u00a0 \u201c chuqui Cu\u00e9\u201d,\u00a0 la organizaci\u00f3n cultural \u201c Sha\u00ed Yu \u201c y la ONG \u201c Puente Esperanza\u201d, entre otras.<\/p>\n<p>Para cerrar la jornada los presentes compartieron un brindis\u00a0 con motivo de las festividades de Navidad y A\u00f1o Nievo ,\u00a0 con numerosos n\u00fameros art\u00edsticos\u00a0 con folkloristas de la talla de Jorge N\u00fa\u00f1ez y\u00a0 de\u00a0 C\u00e9sar \u201cCapullo\u201d Medina<\/p>\n<p>&nbsp;<\/p>\n<p>&nbsp;<\/p>\n","protected":false},"excerpt":{"rendered":"<p>Con alta participaci\u00f3n de\u00a0 asociados se realiz\u00f3 \u00a0recientemente, la Asamblea\u00a0 anual\u00a0 del Centro de Empleados P\u00fablicos (CEP), durante la cual tras\u00a0 aprobarse el balance\u00a0 2017 , se ratific\u00f3\u00a0 el apoyo\u00a0 a la gesti\u00f3n de la Comisi\u00f3n Directiva que preside \u00a0el Licenciado Faustino \u201c Yiyo\u201d Duarte. En primer lugar , los miembros de la asamblea\u00a0 aprobaron\u00a0 [&hellip;]<\/p>\n","protected":false},"author":11,"featured_media":21428,"comment_status":"open","ping_status":"open","sticky":false,"template":"","format":"standard","meta":{"footnotes":""},"categories":[21],"tags":[],"class_list":["post-21421","post","type-post","status-publish","format-standard","has-post-thumbnail","hentry","category-provinciales"],"_links":{"self":[{"href":"http:\/\/informeformosa.com.ar\/index.php?rest_route=\/wp\/v2\/posts\/21421","targetHints":{"allow":["GET"]}}],"collection":[{"href":"http:\/\/informeformosa.com.ar\/index.php?rest_route=\/wp\/v2\/posts"}],"about":[{"href":"http:\/\/informeformosa.com.ar\/index.php?rest_route=\/wp\/v2\/types\/post"}],"author":[{"embeddable":true,"href":"http:\/\/informeformosa.com.ar\/index.php?rest_route=\/wp\/v2\/users\/11"}],"replies":[{"embeddable":true,"href":"http:\/\/informeformosa.com.ar\/index.php?rest_route=%2Fwp%2Fv2%2Fcomments&post=21421"}],"version-history":[{"count":0,"href":"http:\/\/informeformosa.com.ar\/index.php?rest_route=\/wp\/v2\/posts\/21421\/revisions"}],"wp:featuredmedia":[{"embeddable":true,"href":"http:\/\/informeformosa.com.ar\/index.php?rest_route=\/wp\/v2\/media\/21428"}],"wp:attachment":[{"href":"http:\/\/informeformosa.com.ar\/index.php?rest_route=%2Fwp%2Fv2%2Fmedia&parent=21421"}],"wp:term":[{"taxonomy":"category","embeddable":true,"href":"http:\/\/informeformosa.com.ar\/index.php?rest_route=%2Fwp%2Fv2%2Fcategories&post=21421"},{"taxonomy":"post_tag","embeddable":true,"href":"http:\/\/informeformosa.com.ar\/index.php?rest_route=%2Fwp%2Fv2%2Ftags&post=21421"}],"curies":[{"name":"wp","href":"https:\/\/api.w.org\/{rel}","templated":true}]}}