{"id":21404,"date":"2017-12-19T20:00:13","date_gmt":"2017-12-19T23:00:13","guid":{"rendered":"http:\/\/informeformosa.com.ar\/?p=21404"},"modified":"2017-12-19T20:00:13","modified_gmt":"2017-12-19T23:00:13","slug":"la-resistida-reforma-previsional-nacional-no-tiene-injerencia-en-pasivos-de-la-cps","status":"publish","type":"post","link":"http:\/\/informeformosa.com.ar\/?p=21404","title":{"rendered":"La resistida reforma previsional nacional no tiene injerencia en pasivos de la CPS"},"content":{"rendered":"<p>El ministro de Econom\u00eda, Jorge Ib\u00e1\u00f1ez, dejo en claro que la reforma previsional nacional impulsada por el estado nacional y que tanta resistencia ha tenido, \u201cno tendr\u00e1 ning\u00fan tipo de injerencia para los pasivos que depende de la Caja de Previsi\u00f3n Social de la provincia\u201d.<\/p>\n<p>Afirmo que \u201clos jubilados de la CPS deben tener la total y absoluta tranquilidad que el convenio fiscal firmado por el se\u00f1or gobernador (Gildo) Insfran le da a nuestro sistema previsional una previsibilidad en el futuro y poder hacer frente al 82% m\u00f3vil a todos los jubilados\u201d.<\/p>\n<p>Fundamento lo se\u00f1alado en que \u201cen el compromiso fiscal se introdujo una clausula que nos va a dar automaticidad en las transferencias que Anses no lo est\u00e1 haciendo en estos momentos por una interpretaci\u00f3n de la ley dictada el a\u00f1o pasado sobre la reparaci\u00f3n hist\u00f3rica\u201d. Indico que \u201cdesde el dictado de esta ley que lleva m\u00e1s de un a\u00f1o no logramos ponernos de acuerdo las trece provincias que no transferimos nuestras cajas\u201d.<\/p>\n<p>\u201cLa aprobaci\u00f3n\u00a0 de esta reforma que ha generado tanta resistencia tiene impacto en aquellos que est\u00e1n bajo el r\u00e9gimen nacional, es decir la gente bajo cobertura del Anses, ya sea por jubilaci\u00f3n, pensi\u00f3n o AUH\u201d, insisti\u00f3 el titular de la cartera Econ\u00f3mica, lo propio en la necesidad de aclarar en \u201cdividir las aguas en cuanto a la responsabilidad de los gobernadores que es la de administrar su propio sistema previsional, como el nuestro que jam\u00e1s transferimos nuestra caja\u201d.<\/p>\n<p>Por otro loado finalizo diciendo que \u201ceste lunes tuvimos la ultima fecha del a\u00f1o de nuestro programa \u201cCompre mas y pague menos\u201d que ha sido un total \u00e9xito, a lo que le sumamos otro peque\u00f1o aporte que es la tradicional canasta navide\u00f1a a un precio inferior al de las g\u00f3ndolas que presentamos este mi\u00e9rcoles. Es decir con el pago de salarios de diciembre y medio aguinaldo entre los d\u00edas jueves y viernes, estamos cerrando normalmente el a\u00f1o\u201d.<\/p>\n","protected":false},"excerpt":{"rendered":"<p>El ministro de Econom\u00eda, Jorge Ib\u00e1\u00f1ez, dejo en claro que la reforma previsional nacional impulsada por el estado nacional y que tanta resistencia ha tenido, \u201cno tendr\u00e1 ning\u00fan tipo de injerencia para los pasivos que depende de la Caja de Previsi\u00f3n Social de la provincia\u201d. Afirmo que \u201clos jubilados de la CPS deben tener la [&hellip;]<\/p>\n","protected":false},"author":11,"featured_media":21411,"comment_status":"open","ping_status":"open","sticky":false,"template":"","format":"standard","meta":{"footnotes":""},"categories":[3],"tags":[],"class_list":["post-21404","post","type-post","status-publish","format-standard","has-post-thumbnail","hentry","category-politica-y-economia"],"_links":{"self":[{"href":"http:\/\/informeformosa.com.ar\/index.php?rest_route=\/wp\/v2\/posts\/21404","targetHints":{"allow":["GET"]}}],"collection":[{"href":"http:\/\/informeformosa.com.ar\/index.php?rest_route=\/wp\/v2\/posts"}],"about":[{"href":"http:\/\/informeformosa.com.ar\/index.php?rest_route=\/wp\/v2\/types\/post"}],"author":[{"embeddable":true,"href":"http:\/\/informeformosa.com.ar\/index.php?rest_route=\/wp\/v2\/users\/11"}],"replies":[{"embeddable":true,"href":"http:\/\/informeformosa.com.ar\/index.php?rest_route=%2Fwp%2Fv2%2Fcomments&post=21404"}],"version-history":[{"count":0,"href":"http:\/\/informeformosa.com.ar\/index.php?rest_route=\/wp\/v2\/posts\/21404\/revisions"}],"wp:featuredmedia":[{"embeddable":true,"href":"http:\/\/informeformosa.com.ar\/index.php?rest_route=\/wp\/v2\/media\/21411"}],"wp:attachment":[{"href":"http:\/\/informeformosa.com.ar\/index.php?rest_route=%2Fwp%2Fv2%2Fmedia&parent=21404"}],"wp:term":[{"taxonomy":"category","embeddable":true,"href":"http:\/\/informeformosa.com.ar\/index.php?rest_route=%2Fwp%2Fv2%2Fcategories&post=21404"},{"taxonomy":"post_tag","embeddable":true,"href":"http:\/\/informeformosa.com.ar\/index.php?rest_route=%2Fwp%2Fv2%2Ftags&post=21404"}],"curies":[{"name":"wp","href":"https:\/\/api.w.org\/{rel}","templated":true}]}}