{"id":21403,"date":"2017-12-19T20:04:07","date_gmt":"2017-12-19T23:04:07","guid":{"rendered":"http:\/\/informeformosa.com.ar\/?p=21403"},"modified":"2017-12-19T20:04:07","modified_gmt":"2017-12-19T23:04:07","slug":"insfran-encabezo-acto-de-promocion-de-mas-de-medio-millar-de-agentes-policiales","status":"publish","type":"post","link":"http:\/\/informeformosa.com.ar\/?p=21403","title":{"rendered":"Insfran encabezo acto de promoci\u00f3n de m\u00e1s de medio millar de agentes policiales"},"content":{"rendered":"<p>Un total de 504 efectivos policiales formaron parte del acto de la 26\u00b0 promoci\u00f3n de agentes de la Polic\u00eda Formaci\u00f3n B\u00e1sica en Seguridad P\u00fablica, el cual fue presidido por el gobernador Gildo Insfran este martes por la ma\u00f1ana.<\/p>\n<p>La ceremonia se realizo en el polideportivo \u201c28 de Mayo\u201d, donde recibieron sus correspondientes certificados esta nueva camada de poco m\u00e1s de medio millar de agentes, los que se sumaran a la labor policial de reasegurar la seguridad p\u00fablica a la ciudadan\u00eda formose\u00f1a.<\/p>\n<p>Junto al primer mandatario participaron de la ceremonia el presidente provisional de la Legislatura, Armando Cabrera, el intendente Jorge Jofre, Jefe de Gabinete, Antonio Ferreira, el ministro de Gobierno, Justicia, Seguridad y Trabajo, Jorge Abel Gonz\u00e1lez, jefe y subjefe de la Polic\u00eda de la provincia, comisarios generales \u00c1ngel Insfr\u00e1n y Walter Ren\u00e9 Arroyo, respectivamente. Adem\u00e1s, el director del Instituto de Formaci\u00f3n y Capacitaci\u00f3n para el personal Subalterno, comisario inspector Pablo Crist\u00f3bal Torres, quien se\u00f1alo que entre los nuevos agentes se cuentan una decena de originarios de diferentes comunidades, incluso que dentro de la instituci\u00f3n hay abor\u00edgenes ya retirados de la instituci\u00f3n luego de haber desarrollado su labor policial durante sus a\u00f1os de servicio.<\/p>\n<p>Luego de la entrega de certificados a cada uno de los flamantes agentes, el ministro Gonz\u00e1lez aludi\u00f3 a la \u201csatisfacci\u00f3n de estar vivenciando la incorporaci\u00f3n de 504 agentes con formaci\u00f3n b\u00e1sica en seguridad p\u00fablica, los que se suman a los 42 oficiales que egresaron a jornada anterior, todos ellos provenientes de diferentes localidades de la provincia\u201d.<\/p>\n<p>Califico al acto de \u201ctrascendente para la vida institucional a partir de avanzarse en el natural proceso de la vida en ese caminar juntos donde se forman los j\u00f3venes que continuaran los pasos que venimos llevando adelante\u201d.<\/p>\n<p>Se\u00f1alo asimismo \u201cel inmenso orgullo de que los egresados son verdaderos hijos de la educaci\u00f3n p\u00fablica, lo que no se da por generaci\u00f3n espontanea, sino porque existe una decisi\u00f3n pol\u00edtica de construir juntos una provincia equitativa para todos. Es decir que cada formose\u00f1o tenga igualdad de oportunidades all\u00ed donde viva\u201d<\/p>\n<p>Les dijo a los flamantes egresados que \u201cse suman a una instituci\u00f3n de larga trayectoria, y no le ponemos m\u00e1s peso en la mochila al hacerlos responsables de la paz social, la cual se construye con pol\u00edticas p\u00fabicas de inclusi\u00f3n que nos igualen a todos en dignidad y derechos. Y en ese marco, la Polic\u00eda de la Provincia cumple un rol al igual que muchas otras instituciones, brindando a cada formose\u00f1o una atenci\u00f3n integral en toda su dimensi\u00f3n humana\u201d.<\/p>\n<p>\u201cUstedes se suman a un proceso que llevamos adelante todos los formose\u00f1os, y deben convertirse en predicadores de la identidad provincial, de la dignidad y el orgullo de sentirse hijos de esta tierra. Solamente con esa concepci\u00f3n hemos de atravesar los momentos m\u00e1s dif\u00edciles que puedan avecinarse\u201d.<\/p>\n<p>Les dejo en claro que \u201cse trata del acto de culminaci\u00f3n de la formaci\u00f3n\u00a0 inicial policial, ingresan a una instituci\u00f3n que les exigir\u00e1 que esa capacitaci\u00f3n no se agote en esa instancia\u201d, exhortando a una \u201cpreparaci\u00f3n permanente\u201d, subrayando que \u201cla sociedad as\u00ed lo exige, y el cumplimiento del deber como ciudadanos polic\u00edas para nuestra comunidad requiere necesariamente de un proceso de desarrollo constante\u201d.<\/p>\n<p>Marco que \u201cen eso recae uno de los grandes desaf\u00edos que enfrenta la instituci\u00f3n policial\u201d, al tiempo de indicar que la matriz de estudio de la Escuela de Cadetes lleva una d\u00e9cada, y dos a\u00f1os la matriz de estudios de la Escuela de Agentes en una formaci\u00f3n anual, para marcar la \u201cnecesidad de evaluar los procesos para profundizar los aspectos positivos de esta formaci\u00f3n y avanzar en la correcci\u00f3n de lo que corresponda \u201c.<\/p>\n<p>Indico el doctor Gonzalez que \u201clo antes planteado debe darse en un marco de profunda reflexi\u00f3n y compromiso, pero sobre todo, de gran unidad\u201d.<\/p>\n<p>Advirti\u00f3 que \u201csin llevar adelante este proceso desde una concepci\u00f3n integral ser\u00e1 imposible arribar a un resultado\u201d, de ah\u00ed que significo el camino iniciado en esta l\u00ednea.<\/p>\n<p>\u201cLos tiempos que estamos viviendo requieren de nuestro compromiso\u201d, se\u00f1al\u00e1ndole a los agentes egresados que \u201cla formaci\u00f3n recibida no se agota en las capacidades intelectuales o f\u00edsicas, sino que se asientan sobre una ense\u00f1anza en la faz espiritual,\u00a0 por ello no olviden en asentar sus convicciones en el bagaje heredado de sus familias\u201d, Considera el ministro que de esa manera podr\u00e1n \u201cforjar los esp\u00edritus que le permitan enfrentar con \u00e9xito la labor que le depara el futuro y, por sobre todas las cosas, una provincia en crecimiento que ve en ustedes a hijos a los cuales acudir en momentos dif\u00edciles y que requerir\u00e1 de ustedes una respuesta\u201d.<\/p>\n<p>Concluyo parafraseando al gobernador Insfran, al se\u00f1alar que \u201ccon la adversidad no se pacta, la vencemos o nos vence\u201d, para desear a cada agente egresado \u00e9xitos en la vocaci\u00f3n policial elegida.<\/p>\n","protected":false},"excerpt":{"rendered":"<p>Un total de 504 efectivos policiales formaron parte del acto de la 26\u00b0 promoci\u00f3n de agentes de la Polic\u00eda Formaci\u00f3n B\u00e1sica en Seguridad P\u00fablica, el cual fue presidido por el gobernador Gildo Insfran este martes por la ma\u00f1ana. La ceremonia se realizo en el polideportivo \u201c28 de Mayo\u201d, donde recibieron sus correspondientes certificados esta nueva [&hellip;]<\/p>\n","protected":false},"author":11,"featured_media":21415,"comment_status":"open","ping_status":"open","sticky":false,"template":"","format":"standard","meta":{"footnotes":""},"categories":[2],"tags":[],"class_list":["post-21403","post","type-post","status-publish","format-standard","has-post-thumbnail","hentry","category-locales"],"_links":{"self":[{"href":"http:\/\/informeformosa.com.ar\/index.php?rest_route=\/wp\/v2\/posts\/21403","targetHints":{"allow":["GET"]}}],"collection":[{"href":"http:\/\/informeformosa.com.ar\/index.php?rest_route=\/wp\/v2\/posts"}],"about":[{"href":"http:\/\/informeformosa.com.ar\/index.php?rest_route=\/wp\/v2\/types\/post"}],"author":[{"embeddable":true,"href":"http:\/\/informeformosa.com.ar\/index.php?rest_route=\/wp\/v2\/users\/11"}],"replies":[{"embeddable":true,"href":"http:\/\/informeformosa.com.ar\/index.php?rest_route=%2Fwp%2Fv2%2Fcomments&post=21403"}],"version-history":[{"count":0,"href":"http:\/\/informeformosa.com.ar\/index.php?rest_route=\/wp\/v2\/posts\/21403\/revisions"}],"wp:featuredmedia":[{"embeddable":true,"href":"http:\/\/informeformosa.com.ar\/index.php?rest_route=\/wp\/v2\/media\/21415"}],"wp:attachment":[{"href":"http:\/\/informeformosa.com.ar\/index.php?rest_route=%2Fwp%2Fv2%2Fmedia&parent=21403"}],"wp:term":[{"taxonomy":"category","embeddable":true,"href":"http:\/\/informeformosa.com.ar\/index.php?rest_route=%2Fwp%2Fv2%2Fcategories&post=21403"},{"taxonomy":"post_tag","embeddable":true,"href":"http:\/\/informeformosa.com.ar\/index.php?rest_route=%2Fwp%2Fv2%2Ftags&post=21403"}],"curies":[{"name":"wp","href":"https:\/\/api.w.org\/{rel}","templated":true}]}}