{"id":21381,"date":"2017-12-19T19:30:59","date_gmt":"2017-12-19T22:30:59","guid":{"rendered":"http:\/\/informeformosa.com.ar\/?p=21381"},"modified":"2017-12-19T19:30:59","modified_gmt":"2017-12-19T22:30:59","slug":"concluyo-el-curso-taller-de-astronomia-general","status":"publish","type":"post","link":"http:\/\/informeformosa.com.ar\/?p=21381","title":{"rendered":"Concluy\u00f3 el curso-taller de Astronom\u00eda General"},"content":{"rendered":"<p>Ante una importante concurrencia de estudiantes que se hicieron presentes en la Facultad de Humanidades (FH) de la Universidad Nacional de Formosa (UNaF), concluy\u00f3 el curso-taller de Astronom\u00eda General.<\/p>\n<p>El evento acad\u00e9mico, que estuvo dictado por el Dr. Ra\u00fal Roberto Podest\u00e1, docente de la UNaF y director del Observatorio Astron\u00f3mico Nova Persei II, cont\u00f3 con la presencia del decano de la Facultad, Lic. Jos\u00e9 Luis Guillen, e incluy\u00f3 la entrega de certificados a los alumnos participantes.<\/p>\n<p>Adem\u00e1s de ser totalmente gratuito, estaba destinado a docentes y estudiantes en F\u00edsica, Qu\u00edmica, Matem\u00e1tica y Geograf\u00eda y para todos aquellos con vocaci\u00f3n por las ciencias astron\u00f3micas.<\/p>\n<p>El curso tuvo por objetivos difundir el conocimiento y la pr\u00e1ctica de las ciencias astron\u00f3micas y anexas, realizar observaciones de objetos del sistema solar y del cielo profundo, transmitir la pr\u00e1ctica en el manejo de instrumentos astron\u00f3micos, adem\u00e1s de encauzar vocaciones en los j\u00f3venes con aptitudes para el estudio y la investigaci\u00f3n astron\u00f3mica.<\/p>\n<p>Debido al recibimiento de la capacitaci\u00f3n, que cont\u00f3 con un total de 400 inscriptos, los organizadores aclararon que para el a\u00f1o que viene, se tiene previsto el segundo curso de estas caracter\u00edsticas.<\/p>\n","protected":false},"excerpt":{"rendered":"<p>Ante una importante concurrencia de estudiantes que se hicieron presentes en la Facultad de Humanidades (FH) de la Universidad Nacional de Formosa (UNaF), concluy\u00f3 el curso-taller de Astronom\u00eda General. El evento acad\u00e9mico, que estuvo dictado por el Dr. Ra\u00fal Roberto Podest\u00e1, docente de la UNaF y director del Observatorio Astron\u00f3mico Nova Persei II, cont\u00f3 con [&hellip;]<\/p>\n","protected":false},"author":11,"featured_media":21385,"comment_status":"open","ping_status":"open","sticky":false,"template":"","format":"standard","meta":{"footnotes":""},"categories":[4],"tags":[],"class_list":["post-21381","post","type-post","status-publish","format-standard","has-post-thumbnail","hentry","category-educacion"],"_links":{"self":[{"href":"http:\/\/informeformosa.com.ar\/index.php?rest_route=\/wp\/v2\/posts\/21381","targetHints":{"allow":["GET"]}}],"collection":[{"href":"http:\/\/informeformosa.com.ar\/index.php?rest_route=\/wp\/v2\/posts"}],"about":[{"href":"http:\/\/informeformosa.com.ar\/index.php?rest_route=\/wp\/v2\/types\/post"}],"author":[{"embeddable":true,"href":"http:\/\/informeformosa.com.ar\/index.php?rest_route=\/wp\/v2\/users\/11"}],"replies":[{"embeddable":true,"href":"http:\/\/informeformosa.com.ar\/index.php?rest_route=%2Fwp%2Fv2%2Fcomments&post=21381"}],"version-history":[{"count":0,"href":"http:\/\/informeformosa.com.ar\/index.php?rest_route=\/wp\/v2\/posts\/21381\/revisions"}],"wp:featuredmedia":[{"embeddable":true,"href":"http:\/\/informeformosa.com.ar\/index.php?rest_route=\/wp\/v2\/media\/21385"}],"wp:attachment":[{"href":"http:\/\/informeformosa.com.ar\/index.php?rest_route=%2Fwp%2Fv2%2Fmedia&parent=21381"}],"wp:term":[{"taxonomy":"category","embeddable":true,"href":"http:\/\/informeformosa.com.ar\/index.php?rest_route=%2Fwp%2Fv2%2Fcategories&post=21381"},{"taxonomy":"post_tag","embeddable":true,"href":"http:\/\/informeformosa.com.ar\/index.php?rest_route=%2Fwp%2Fv2%2Ftags&post=21381"}],"curies":[{"name":"wp","href":"https:\/\/api.w.org\/{rel}","templated":true}]}}