{"id":21367,"date":"2017-12-18T19:31:15","date_gmt":"2017-12-18T22:31:15","guid":{"rendered":"http:\/\/informeformosa.com.ar\/?p=21367"},"modified":"2017-12-18T19:31:15","modified_gmt":"2017-12-18T22:31:15","slug":"el-gobierno-provincial-actuo-con-urgencia-ante-temporal-en-ibarreta","status":"publish","type":"post","link":"http:\/\/informeformosa.com.ar\/?p=21367","title":{"rendered":"El Gobierno provincial actu\u00f3 con urgencia ante temporal en Ibarreta"},"content":{"rendered":"<p>El intendente de Ibarreta, Ad\u00e1n Jarzynski, valor\u00f3 el r\u00e1pido accionar del Gobierno de la provincia de Formosa\u00a0 para asistir a las familias damnificadas por la fuerte tormenta\u00a0 que se registr\u00f3 el domingo en horas de la siesta\u00a0\u00a0 y que hab\u00eda generado serios inconvenientes.<\/p>\n<p>Record\u00f3 que\u00a0 el fen\u00f3meno clim\u00e1tico\u00a0 dej\u00f3 como saldo\u00a0 voladuras de techo, ca\u00eddas de columnas y un transformador de energ\u00eda el\u00e9ctrica y expres\u00f3 que \u00a0\u201cel estado provincial activ\u00f3\u00a0\u00a0 de manera\u00a0 inmediata\u00a0 el \u00a0plan de asistencia a trav\u00e9s del\u00a0 ministerio\u00a0 de Gobierno, Justicia, Seguridad y Trabajo \u00a0quien dispuso que el titular de Defensa Civil\u00a0 y colaboradores se\u00a0 constituyeron\u00a0 en la localidad trabajando de manera conjunta\u00a0 con el municipio para llevar adelante el plan de contingencia dispuesto\u201d.<\/p>\n<p>En cuanto a las acciones llevadas a cabo,\u00a0 explic\u00f3 \u00a0que \u201ccon la urgencia del caso se puso en marcha el relevamiento y se acudi\u00f3 con la asistencia necesaria, para lo cual se reforz\u00f3 la presencia de efectivos policiales y personal de DC, adem\u00e1s de alertarse al \u00e1rea sanitaria\u00a0 estatal, despleg\u00e1ndose en los sectores m\u00e1s afectados a fin de disponerse si fuera necesario las ayudas demandadas\u201d<\/p>\n<p>&nbsp;<\/p>\n<p>&nbsp;<\/p>\n<p>.<\/p>\n","protected":false},"excerpt":{"rendered":"<p>El intendente de Ibarreta, Ad\u00e1n Jarzynski, valor\u00f3 el r\u00e1pido accionar del Gobierno de la provincia de Formosa\u00a0 para asistir a las familias damnificadas por la fuerte tormenta\u00a0 que se registr\u00f3 el domingo en horas de la siesta\u00a0\u00a0 y que hab\u00eda generado serios inconvenientes. Record\u00f3 que\u00a0 el fen\u00f3meno clim\u00e1tico\u00a0 dej\u00f3 como saldo\u00a0 voladuras de techo, ca\u00eddas [&hellip;]<\/p>\n","protected":false},"author":11,"featured_media":21370,"comment_status":"open","ping_status":"open","sticky":false,"template":"","format":"standard","meta":{"footnotes":""},"categories":[11],"tags":[],"class_list":["post-21367","post","type-post","status-publish","format-standard","has-post-thumbnail","hentry","category-interior"],"_links":{"self":[{"href":"http:\/\/informeformosa.com.ar\/index.php?rest_route=\/wp\/v2\/posts\/21367","targetHints":{"allow":["GET"]}}],"collection":[{"href":"http:\/\/informeformosa.com.ar\/index.php?rest_route=\/wp\/v2\/posts"}],"about":[{"href":"http:\/\/informeformosa.com.ar\/index.php?rest_route=\/wp\/v2\/types\/post"}],"author":[{"embeddable":true,"href":"http:\/\/informeformosa.com.ar\/index.php?rest_route=\/wp\/v2\/users\/11"}],"replies":[{"embeddable":true,"href":"http:\/\/informeformosa.com.ar\/index.php?rest_route=%2Fwp%2Fv2%2Fcomments&post=21367"}],"version-history":[{"count":0,"href":"http:\/\/informeformosa.com.ar\/index.php?rest_route=\/wp\/v2\/posts\/21367\/revisions"}],"wp:featuredmedia":[{"embeddable":true,"href":"http:\/\/informeformosa.com.ar\/index.php?rest_route=\/wp\/v2\/media\/21370"}],"wp:attachment":[{"href":"http:\/\/informeformosa.com.ar\/index.php?rest_route=%2Fwp%2Fv2%2Fmedia&parent=21367"}],"wp:term":[{"taxonomy":"category","embeddable":true,"href":"http:\/\/informeformosa.com.ar\/index.php?rest_route=%2Fwp%2Fv2%2Fcategories&post=21367"},{"taxonomy":"post_tag","embeddable":true,"href":"http:\/\/informeformosa.com.ar\/index.php?rest_route=%2Fwp%2Fv2%2Ftags&post=21367"}],"curies":[{"name":"wp","href":"https:\/\/api.w.org\/{rel}","templated":true}]}}