{"id":21341,"date":"2017-12-18T19:19:33","date_gmt":"2017-12-18T22:19:33","guid":{"rendered":"http:\/\/informeformosa.com.ar\/?p=21341"},"modified":"2017-12-18T19:22:11","modified_gmt":"2017-12-18T22:22:11","slug":"empleados-de-refsa-adhieren-al-paro-nacional","status":"publish","type":"post","link":"http:\/\/informeformosa.com.ar\/?p=21341","title":{"rendered":"Empleados de REFSA  adhieren al paro nacional"},"content":{"rendered":"<p>Desde Refsa Electricidad se comunica a los usuarios del servicio de energ\u00eda el\u00e9ctrica, que sus trabajadores se adhieren al paro nacional general de 24 horas decretado por la CGT.<\/p>\n<p>La medida de fuerza opera desde este lunes hasta las 12 del d\u00eda martes 19, garantizando la prestaci\u00f3n del servicio de guardia de reclamos para emergencias.<\/p>\n<p>As\u00ed fue confirmado por la conducci\u00f3n del sindicato Luz y Fuerza, como tambi\u00e9n que la distribuidora Refsa quien es la encargada de suministrar el servicio el\u00e9ctrico en la provincia no tendr\u00e1 atenci\u00f3n al p\u00fablico, solo las emergencias.<\/p>\n<p>&nbsp;<\/p>\n<p>&nbsp;<\/p>\n<p>&nbsp;<\/p>\n","protected":false},"excerpt":{"rendered":"<p>Desde Refsa Electricidad se comunica a los usuarios del servicio de energ\u00eda el\u00e9ctrica, que sus trabajadores se adhieren al paro nacional general de 24 horas decretado por la CGT. La medida de fuerza opera desde este lunes hasta las 12 del d\u00eda martes 19, garantizando la prestaci\u00f3n del servicio de guardia de reclamos para emergencias. [&hellip;]<\/p>\n","protected":false},"author":11,"featured_media":21366,"comment_status":"open","ping_status":"open","sticky":false,"template":"","format":"standard","meta":{"footnotes":""},"categories":[21],"tags":[],"class_list":["post-21341","post","type-post","status-publish","format-standard","has-post-thumbnail","hentry","category-provinciales"],"_links":{"self":[{"href":"http:\/\/informeformosa.com.ar\/index.php?rest_route=\/wp\/v2\/posts\/21341","targetHints":{"allow":["GET"]}}],"collection":[{"href":"http:\/\/informeformosa.com.ar\/index.php?rest_route=\/wp\/v2\/posts"}],"about":[{"href":"http:\/\/informeformosa.com.ar\/index.php?rest_route=\/wp\/v2\/types\/post"}],"author":[{"embeddable":true,"href":"http:\/\/informeformosa.com.ar\/index.php?rest_route=\/wp\/v2\/users\/11"}],"replies":[{"embeddable":true,"href":"http:\/\/informeformosa.com.ar\/index.php?rest_route=%2Fwp%2Fv2%2Fcomments&post=21341"}],"version-history":[{"count":0,"href":"http:\/\/informeformosa.com.ar\/index.php?rest_route=\/wp\/v2\/posts\/21341\/revisions"}],"wp:featuredmedia":[{"embeddable":true,"href":"http:\/\/informeformosa.com.ar\/index.php?rest_route=\/wp\/v2\/media\/21366"}],"wp:attachment":[{"href":"http:\/\/informeformosa.com.ar\/index.php?rest_route=%2Fwp%2Fv2%2Fmedia&parent=21341"}],"wp:term":[{"taxonomy":"category","embeddable":true,"href":"http:\/\/informeformosa.com.ar\/index.php?rest_route=%2Fwp%2Fv2%2Fcategories&post=21341"},{"taxonomy":"post_tag","embeddable":true,"href":"http:\/\/informeformosa.com.ar\/index.php?rest_route=%2Fwp%2Fv2%2Ftags&post=21341"}],"curies":[{"name":"wp","href":"https:\/\/api.w.org\/{rel}","templated":true}]}}