{"id":21340,"date":"2017-12-17T19:19:51","date_gmt":"2017-12-17T22:19:51","guid":{"rendered":"http:\/\/informeformosa.com.ar\/?p=21340"},"modified":"2017-12-17T19:19:51","modified_gmt":"2017-12-17T22:19:51","slug":"para-zorrilla-cierra-un-muy-auspicioso-ciclo-lectivo-por-los-avances-producidos","status":"publish","type":"post","link":"http:\/\/informeformosa.com.ar\/?p=21340","title":{"rendered":"Para Zorrilla cierra un \u201cmuy auspicioso\u201d ciclo lectivo por los avances producidos"},"content":{"rendered":"<p>El ministro de Cultura y Educaci\u00f3n, Alberto Zorrilla, evalu\u00f3 como \u201cmuy auspicioso\u201d el ciclo lectivo 2017 que transita por sus \u00faltimos d\u00edas. Sobre todo expuso los \u201cavances producidos\u201d en varios eslabones de la cadena educativa, \u00a0poniendo como ejemplo lo apreciado esta semana al participar de los actos de egresados en varios colegios secundarios, caso una jovencita discapacitada que se desplaza en silla de ruedas y que es la portadora de la Bandera de Ceremonia Provincial de la Escuela 93 del barrio Facundo Quiroga.<\/p>\n<p>\u201cPonemos una atenci\u00f3n en todo el sistema educativo, ya que por ejemplo el nivel Superior se nutre del secundario, el que depende de c\u00f3mo lleguen los del primario y estos a su vez los del jard\u00edn de infantes\u201d, indico acerca de la secuencia que se da de manera met\u00f3dica.<\/p>\n<p>Aclaro el ministro que \u201cpor ah\u00ed se se\u00f1ala mas el secundario porque aun est\u00e1 viviendo una tensi\u00f3n, es que antes no estaba acostumbrada a recibir todos los estudiantes. Es que a partir de la obligatoriedad establecida para el secundario, se debi\u00f3 ir acomodando a esa nueva realidad. Hay un enorme trabajo conjunto, mucha capacitaci\u00f3n, adecuaci\u00f3n de edificio y en otros aspectos necesarios\u201d.<\/p>\n<p>Expuso justamente que \u201ceste a\u00f1o se comenz\u00f3 a trabajar en el acompa\u00f1amiento a las trayectorias escolares, que es muy importante, para lo cual incorporamos dos figuras: Una que es la tutor\u00eda y la opci\u00f3n institucional, uno trabaja sobre el da\u00f1o y otro en torno a la prevenci\u00f3n del da\u00f1o, me refiero al da\u00f1o pedag\u00f3gico; y est\u00e1 dando buenos resultados\u201d.<\/p>\n<p>Amplio se\u00f1alando que \u201cla reorganizaci\u00f3n de los dise\u00f1os curriculares permite que trabajemos m\u00e1s holgada y eficazmente con los alumnos y profesores\u201d, afirmando optimista que \u201cvamos por buen camino, incluso algunas escuelas ya trabajan con el nuevo dise\u00f1o, como la escuela 99 de la Nueva Formosa\u201d.<\/p>\n<p>Conto que estuvo la semana pasada\u00a0 en la escuela secundaria 93 \u201cRen\u00e9 Favaloro\u201d del barrio Facundo Quiroga que \u201cmostro los resultados de un dise\u00f1o educativo acorde a las necesidades\u201d. A\u00f1adi\u00f3 que en el caso en particular de este colegio se \u201cpudo apreciar en toda su dimensi\u00f3n el nivel de la equidad, la inclusi\u00f3n y la calidad en nuestro sistema educativo. Y es que una jovencita con una severa discapacidad que la hace movilizarse en silla de ruedas, logro los meritos necesarios y es portadora de la Bandera de Ceremonia Provincial\u201d<\/p>\n<p>Significo que \u201ceste tipo de cosas hace que uno se emocione y sienta mucho orgullo al ver nuestra muchachada, felices y festejando sanamente al llegar a la etapa final de su formaci\u00f3n en el secundario\u201d.<\/p>\n<p>Otro aspectos destacado por el ministro fue \u201cel hecho de haberse avanzando en con los concursos, que har\u00e1 que haya nuevos directores en varias escuelas secundarias; y tuvimos nuestro Congreso Pedag\u00f3gico con una gran participaci\u00f3n de los docentes de los diferentes niveles, donde los del secundario trabajaron muy bien\u201d.<\/p>\n<p>Para Zorrilla se \u201ccierra un muy auspicioso\u201d ciclo lectivo 2017, que tendr\u00e1 su conclusi\u00f3n luego de esta \u00faltima semana de ex\u00e1menes, ya que a partir de all\u00ed comienza el receso estival propiamente dicho.<\/p>\n<p>&nbsp;<\/p>\n<p>Actividades en el receso<\/p>\n<p>&nbsp;<\/p>\n<p>\u201cAunque tendremos luego \u201cEstudiar en Verano\u201d, que a trav\u00e9s de los a\u00f1os nos permite ir mejorando en su organizaci\u00f3n a partir de lo que fuimos aprendiendo\u201d, anticipo, lo propio en que los comedores escolares de las escuelas primarias seguir\u00e1n funcionando durante vacaciones, no as\u00ed la copa de leche en el secundario, en este ultimo casos e reactivara tras el receso.<\/p>\n<p>&nbsp;<\/p>\n<p>&nbsp;<\/p>\n","protected":false},"excerpt":{"rendered":"<p>El ministro de Cultura y Educaci\u00f3n, Alberto Zorrilla, evalu\u00f3 como \u201cmuy auspicioso\u201d el ciclo lectivo 2017 que transita por sus \u00faltimos d\u00edas. Sobre todo expuso los \u201cavances producidos\u201d en varios eslabones de la cadena educativa, \u00a0poniendo como ejemplo lo apreciado esta semana al participar de los actos de egresados en varios colegios secundarios, caso una [&hellip;]<\/p>\n","protected":false},"author":11,"featured_media":21349,"comment_status":"open","ping_status":"open","sticky":false,"template":"","format":"standard","meta":{"footnotes":""},"categories":[4],"tags":[],"class_list":["post-21340","post","type-post","status-publish","format-standard","has-post-thumbnail","hentry","category-educacion"],"_links":{"self":[{"href":"http:\/\/informeformosa.com.ar\/index.php?rest_route=\/wp\/v2\/posts\/21340","targetHints":{"allow":["GET"]}}],"collection":[{"href":"http:\/\/informeformosa.com.ar\/index.php?rest_route=\/wp\/v2\/posts"}],"about":[{"href":"http:\/\/informeformosa.com.ar\/index.php?rest_route=\/wp\/v2\/types\/post"}],"author":[{"embeddable":true,"href":"http:\/\/informeformosa.com.ar\/index.php?rest_route=\/wp\/v2\/users\/11"}],"replies":[{"embeddable":true,"href":"http:\/\/informeformosa.com.ar\/index.php?rest_route=%2Fwp%2Fv2%2Fcomments&post=21340"}],"version-history":[{"count":0,"href":"http:\/\/informeformosa.com.ar\/index.php?rest_route=\/wp\/v2\/posts\/21340\/revisions"}],"wp:featuredmedia":[{"embeddable":true,"href":"http:\/\/informeformosa.com.ar\/index.php?rest_route=\/wp\/v2\/media\/21349"}],"wp:attachment":[{"href":"http:\/\/informeformosa.com.ar\/index.php?rest_route=%2Fwp%2Fv2%2Fmedia&parent=21340"}],"wp:term":[{"taxonomy":"category","embeddable":true,"href":"http:\/\/informeformosa.com.ar\/index.php?rest_route=%2Fwp%2Fv2%2Fcategories&post=21340"},{"taxonomy":"post_tag","embeddable":true,"href":"http:\/\/informeformosa.com.ar\/index.php?rest_route=%2Fwp%2Fv2%2Ftags&post=21340"}],"curies":[{"name":"wp","href":"https:\/\/api.w.org\/{rel}","templated":true}]}}