{"id":21336,"date":"2017-12-17T19:14:31","date_gmt":"2017-12-17T22:14:31","guid":{"rendered":"http:\/\/informeformosa.com.ar\/?p=21336"},"modified":"2017-12-17T19:14:31","modified_gmt":"2017-12-17T22:14:31","slug":"suba-de-luz-la-defensoria-dice-que-muchos-deberan-optar-entre-pagar-o-alimentarse","status":"publish","type":"post","link":"http:\/\/informeformosa.com.ar\/?p=21336","title":{"rendered":"Suba de luz: La Defensor\u00eda dice que muchos deber\u00e1n optar entre pagar o alimentarse"},"content":{"rendered":"<p>Desde la Defensor\u00eda del Pueblo, se advirti\u00f3 a todos los usuarios de energ\u00eda el\u00e9ctrica de la provincia que como consecuencia de las subas tarifarias habilitadas por el Gobierno Nacional, durante los meses de mayores consumos por las altas temperaturas en ( diciembre, enero, febrero, marzo), tendr\u00e1n en lo que hace a costos un incremento aproximadamente al 70%,en dos tramos.<\/p>\n<p>Por lo tanto los ajustes en la generaci\u00f3n, transporte y distribuci\u00f3n podr\u00eda ser superior al porcentaje antes citado.La suba de la luz desde que asumi\u00f3 el nuevo gobierno nacional ya ha aumentado entre 800 y 1200 % .<\/p>\n<p>El ombudsman provincial Jos\u00e9 Leonardo Gialluca,\u00a0 denunci\u00f3 que \u201cla Tarifa Social no nos sirve y por ello insisti\u00f3 en que se nos otorgue una Tarifa Diferenciada. En cuanto al ahorro del 30% que se redujo al 20% para poder tener un descuento del 10% es impracticable en Formosa\u201d.<\/p>\n<p>No obstante, sugio a los vecinos en lo posible ante las altas temperaturas, cuidar y ahorrar la energ\u00eda que se pueda; concluyendo el funcionario que los usuarios residenciales volvemos a ser la variable de ajuste de un plan econ\u00f3mico que no respeta derechos humanos esenciales y que permite a los empresarios, supermercadistas trasladar los mayores costos de servicios a las gondolas.<\/p>\n<p>&nbsp;<\/p>\n","protected":false},"excerpt":{"rendered":"<p>Desde la Defensor\u00eda del Pueblo, se advirti\u00f3 a todos los usuarios de energ\u00eda el\u00e9ctrica de la provincia que como consecuencia de las subas tarifarias habilitadas por el Gobierno Nacional, durante los meses de mayores consumos por las altas temperaturas en ( diciembre, enero, febrero, marzo), tendr\u00e1n en lo que hace a costos un incremento aproximadamente [&hellip;]<\/p>\n","protected":false},"author":11,"featured_media":21342,"comment_status":"open","ping_status":"open","sticky":false,"template":"","format":"standard","meta":{"footnotes":""},"categories":[21],"tags":[],"class_list":["post-21336","post","type-post","status-publish","format-standard","has-post-thumbnail","hentry","category-provinciales"],"_links":{"self":[{"href":"http:\/\/informeformosa.com.ar\/index.php?rest_route=\/wp\/v2\/posts\/21336","targetHints":{"allow":["GET"]}}],"collection":[{"href":"http:\/\/informeformosa.com.ar\/index.php?rest_route=\/wp\/v2\/posts"}],"about":[{"href":"http:\/\/informeformosa.com.ar\/index.php?rest_route=\/wp\/v2\/types\/post"}],"author":[{"embeddable":true,"href":"http:\/\/informeformosa.com.ar\/index.php?rest_route=\/wp\/v2\/users\/11"}],"replies":[{"embeddable":true,"href":"http:\/\/informeformosa.com.ar\/index.php?rest_route=%2Fwp%2Fv2%2Fcomments&post=21336"}],"version-history":[{"count":0,"href":"http:\/\/informeformosa.com.ar\/index.php?rest_route=\/wp\/v2\/posts\/21336\/revisions"}],"wp:featuredmedia":[{"embeddable":true,"href":"http:\/\/informeformosa.com.ar\/index.php?rest_route=\/wp\/v2\/media\/21342"}],"wp:attachment":[{"href":"http:\/\/informeformosa.com.ar\/index.php?rest_route=%2Fwp%2Fv2%2Fmedia&parent=21336"}],"wp:term":[{"taxonomy":"category","embeddable":true,"href":"http:\/\/informeformosa.com.ar\/index.php?rest_route=%2Fwp%2Fv2%2Fcategories&post=21336"},{"taxonomy":"post_tag","embeddable":true,"href":"http:\/\/informeformosa.com.ar\/index.php?rest_route=%2Fwp%2Fv2%2Ftags&post=21336"}],"curies":[{"name":"wp","href":"https:\/\/api.w.org\/{rel}","templated":true}]}}