{"id":21325,"date":"2017-12-17T19:04:12","date_gmt":"2017-12-17T22:04:12","guid":{"rendered":"http:\/\/informeformosa.com.ar\/?p=21325"},"modified":"2017-12-17T19:04:12","modified_gmt":"2017-12-17T22:04:12","slug":"este-lunes-edicion-diciembre-de-compre-mas-y-pague-menos","status":"publish","type":"post","link":"http:\/\/informeformosa.com.ar\/?p=21325","title":{"rendered":"Este lunes edici\u00f3n diciembre de \u201cCompre mas y pague menos\u201d"},"content":{"rendered":"<p>Este lunes 18 m\u00e1s de doscientos comercios de la provincia, entre ellos supermercados, autoservicios\u00a0 y carnicer\u00edas, abrir\u00e1n sus puertas adheridos a la jornada \u00fanica de noviembre del programa \u201cEn Formosa compra m\u00e1s y paga menos\u201d. Se trata de la valiosa herramienta que permite adquirir productos alimenticios a un 50% de su valor, con las tarjetas de debido \u201cMaestro\u201d que extiende el Banco de Formosa por un m\u00e1ximo de $3000.<\/p>\n<p>Marcara el cierre del a\u00f1o de esta novedosa propuesta redise\u00f1ada y orientada a crear las condiciones para que aumente el consumo interno con efectos beneficiosos para la familia formose\u00f1a, sobre todo para los sectores m\u00e1s vulnerables y al mismo tiempo aporte a la re dinamizaci\u00f3n de la actividad comercial que se mostraba alica\u00edda.<\/p>\n<p>\u201cCon esta decisi\u00f3n pol\u00edtica del gobernador y la colaboraci\u00f3n de las partes intervinientes, creo que encontramos otra forma de acompa\u00f1ar a\u00a0 los formose\u00f1os en este momento particularmente dif\u00edcil\u00a0 en lo econ\u00f3mico y social y el programa est\u00e1 alcanzando el objetivo buscado ya que la plata les ha rendido mas a la gente, los changuitos volvieron a llenarse y los comercios vendieron adecuadamente, no solamente los grandes sino tambi\u00e9n los medianos y chicos\u201d, fue ponderado.<\/p>\n<p>Se hizo notar que dicha iniciativa surgi\u00f3 como consecuencia del impacto da\u00f1oso que la realidad social evidenciada por efecto de las medidas econ\u00f3micas impulsadas por el actual gobierno nacional desde el mismo momento en que asumi\u00f3 sus funciones en diciembre de 2015.<\/p>\n<p>&nbsp;<\/p>\n<p>Pescados<\/p>\n<p>&nbsp;<\/p>\n<p>Las ofertas de pescados y frutos de mar enmarcados en el programa \u201cPescado Soberano Argentino\u201d ser\u00e1n durante este lunes 18 y martes 19 en el Mercado Frutihort\u00edcola, donde los formose\u00f1os podran adquirir las diferentes ofertas vigentes.<\/p>\n<p>Destaco la presencia de este programa en el interior, donde \u201cpr\u00e1cticamente empatan\u201d con las ventas, no obstante lo cual tienen una \u201cexcelente predisposici\u00f3n\u201d en llevar sus productos al mayor n\u00famero de formose\u00f1os.<\/p>\n<p>&nbsp;<\/p>\n<p>Productos cuyanos<\/p>\n<p>&nbsp;<\/p>\n<p>Asimismo y con diferentes ofertas y combos de productos cuyanos, la Cooperativa de Mendoza,\u00a0 Fruderpa, estar\u00e1 en el Mercado Frutihorticola desde este lunes 18, martes 19 e inclusive podr\u00eda ser el mi\u00e9rcoles 20 hasta agotar stock.<\/p>\n<p>Entre los productos que se pueden adquirir se encuentran frutas frescas, enlatadas y frutos secos, aceite de oliva, entre otros. Se sumaran en esta oportunidad sidra y vinos espumantes, adem\u00e1s del vino tradicional aunque con una variedad distintiva.<\/p>\n<p>&nbsp;<\/p>\n<p>&nbsp;<\/p>\n<p>&nbsp;<\/p>\n","protected":false},"excerpt":{"rendered":"<p>Este lunes 18 m\u00e1s de doscientos comercios de la provincia, entre ellos supermercados, autoservicios\u00a0 y carnicer\u00edas, abrir\u00e1n sus puertas adheridos a la jornada \u00fanica de noviembre del programa \u201cEn Formosa compra m\u00e1s y paga menos\u201d. Se trata de la valiosa herramienta que permite adquirir productos alimenticios a un 50% de su valor, con las tarjetas [&hellip;]<\/p>\n","protected":false},"author":11,"featured_media":21332,"comment_status":"open","ping_status":"open","sticky":false,"template":"","format":"standard","meta":{"footnotes":""},"categories":[21],"tags":[],"class_list":["post-21325","post","type-post","status-publish","format-standard","has-post-thumbnail","hentry","category-provinciales"],"_links":{"self":[{"href":"http:\/\/informeformosa.com.ar\/index.php?rest_route=\/wp\/v2\/posts\/21325","targetHints":{"allow":["GET"]}}],"collection":[{"href":"http:\/\/informeformosa.com.ar\/index.php?rest_route=\/wp\/v2\/posts"}],"about":[{"href":"http:\/\/informeformosa.com.ar\/index.php?rest_route=\/wp\/v2\/types\/post"}],"author":[{"embeddable":true,"href":"http:\/\/informeformosa.com.ar\/index.php?rest_route=\/wp\/v2\/users\/11"}],"replies":[{"embeddable":true,"href":"http:\/\/informeformosa.com.ar\/index.php?rest_route=%2Fwp%2Fv2%2Fcomments&post=21325"}],"version-history":[{"count":0,"href":"http:\/\/informeformosa.com.ar\/index.php?rest_route=\/wp\/v2\/posts\/21325\/revisions"}],"wp:featuredmedia":[{"embeddable":true,"href":"http:\/\/informeformosa.com.ar\/index.php?rest_route=\/wp\/v2\/media\/21332"}],"wp:attachment":[{"href":"http:\/\/informeformosa.com.ar\/index.php?rest_route=%2Fwp%2Fv2%2Fmedia&parent=21325"}],"wp:term":[{"taxonomy":"category","embeddable":true,"href":"http:\/\/informeformosa.com.ar\/index.php?rest_route=%2Fwp%2Fv2%2Fcategories&post=21325"},{"taxonomy":"post_tag","embeddable":true,"href":"http:\/\/informeformosa.com.ar\/index.php?rest_route=%2Fwp%2Fv2%2Ftags&post=21325"}],"curies":[{"name":"wp","href":"https:\/\/api.w.org\/{rel}","templated":true}]}}