{"id":21323,"date":"2017-12-17T18:59:21","date_gmt":"2017-12-17T21:59:21","guid":{"rendered":"http:\/\/informeformosa.com.ar\/?p=21323"},"modified":"2017-12-17T18:59:21","modified_gmt":"2017-12-17T21:59:21","slug":"siembran-mas-de-40-mil-hectareas-de-maiz-en-la-provincia","status":"publish","type":"post","link":"http:\/\/informeformosa.com.ar\/?p=21323","title":{"rendered":"Siembran m\u00e1s de 40 mil hect\u00e1reas de ma\u00edz en la provincia"},"content":{"rendered":"<p>El subsecretario de Producci\u00f3n Sustentable, Alejandro Garc\u00eda, expuso datos alentadores acerca de la campa\u00f1a agr\u00edcola provincial, se\u00f1alando como se acent\u00faa la expansi\u00f3n de hect\u00e1reas sembradas de ma\u00edz, que se triplico en los \u00faltimos tres a\u00f1os, o el propio algod\u00f3n que se duplico respecto al periodo anterior.<\/p>\n<p>Aludi\u00f3 a que re\u00f1lizo una recorrida en terreno de semanas atr\u00e1s en la regi\u00f3n Piran\u00e9 Sur junto al especialista en siembra directa y el manejo y cuidado del suelo Rodolfo Gil, pudieron apreciar las distintas experiencias en estratos de los peque\u00f1os productores hort\u00edcolas, algodoneros y ma\u00edz. \u201cEste destacado capacitador y formador que visito la provincia despu\u00e9s de unos a\u00f1os se sorprendi\u00f3 de lo bien que se est\u00e1 trabajando y en lo que cambio Formosa con la diversificaci\u00f3n que existe\u201d.<\/p>\n<p>Puntualmente al referirse a la campa\u00f1a agr\u00edcola indico que \u201cestamos en una etapa final en el cultivo m\u00e1s importante respecto a superficie sembrada que es el ma\u00edz. Se inicio la cosecha de ma\u00edz colorado y se paso luego al ma\u00edz amarillo. Es un cultivo que se increment\u00f3 respecto a la superficie, este a\u00f1o se sembraron m\u00e1s de 9 mil hect\u00e1reas en el estrato de los peque\u00f1os productores paipperos\u201d.<\/p>\n<p>Expuso que \u201cen la provincia se sembraron m\u00e1s de 40 mil hect\u00e1reas en ma\u00edz, marcando que en estos \u00faltimos tres a\u00f1os se triplic\u00f3 la superficie de este cultivo\u201d, se\u00f1alando que \u201cmuchos productores que hac\u00edan algod\u00f3n, cucurbit\u00e1ceas, se han volcado a este cultivo porque nos da una practicidad enorme en cuanto al aprovechamiento por parte de los productores para incorporaci\u00f3n a la granja, suplementaci\u00f3n del ganado, comercializaci\u00f3n\u201d, para se\u00f1alar que \u201cnos estamos preparando para la siembra de segunda en el verano\u201d.<\/p>\n<p>&nbsp;<\/p>\n<p>Algod\u00f3n<\/p>\n<p>&nbsp;<\/p>\n<p>Garc\u00eda se\u00f1alo asimismo que \u201cse duplic\u00f3 la superficie de siembra de algod\u00f3n respecto a la campa\u00f1a pasada\u201d, puntualizando que \u201ctenemos unas 8 mil hect\u00e1reas\u201d.<\/p>\n<p>Explico que en el seno de la Comisi\u00f3n Provincial de Sanidad Vegetal (COPROSAVE) se hab\u00eda definido la fecha de siembra que era a fines del mes de octubre, y que luego se extendi\u00f3 15 d\u00edas m\u00e1s. \u201cLos cultivos est\u00e1n muy bien, y creo que ha sido fundamental el apoyo del gobierno provincial, con lo cual creo que a fines de febrero y principio de marzo podremos iniciar la cosecha, de lo que va a ser una muy buena campa\u00f1a algodonera\u201d, auguro.<\/p>\n<p>\u201cEstamos concluyendo la cosecha de las cucurbit\u00e1ceas, tuvimos un buen inicio de campa\u00f1a en cosecha en cuanto a los productores que salieron como primicia\u201d, concluyo.<\/p>\n<p>&nbsp;<\/p>\n<p>Se aludi\u00f3 a que siguen trabajando con esferas nacionales como el INTA y SENASA, afirmando que \u201cno es buena la situaci\u00f3n\u201d en estos organismos nacionales.<\/p>\n<p>\u201cNosotros siempre vamos a estar ah\u00ed para apuntalarlos y acompa\u00f1arlos. Hicimos una reuni\u00f3n de la COPROSA ejecutiva atendiendo la situaci\u00f3n del SENASA, y con los del INTA (que muchos que trabajan all\u00ed pasaron por el Gobierno de Formosa), que saben que pueden contar con nosotros ante esta situaci\u00f3n de un alejamiento del estado nacional respecto a los apoyos a estos organismos muy necesarios para la ejecuci\u00f3n de las pol\u00edticas agropecuarias\u201d, expuso.<\/p>\n<p>&nbsp;<\/p>\n<p>&nbsp;<\/p>\n","protected":false},"excerpt":{"rendered":"<p>El subsecretario de Producci\u00f3n Sustentable, Alejandro Garc\u00eda, expuso datos alentadores acerca de la campa\u00f1a agr\u00edcola provincial, se\u00f1alando como se acent\u00faa la expansi\u00f3n de hect\u00e1reas sembradas de ma\u00edz, que se triplico en los \u00faltimos tres a\u00f1os, o el propio algod\u00f3n que se duplico respecto al periodo anterior. Aludi\u00f3 a que re\u00f1lizo una recorrida en terreno de [&hellip;]<\/p>\n","protected":false},"author":11,"featured_media":21328,"comment_status":"open","ping_status":"open","sticky":false,"template":"","format":"standard","meta":{"footnotes":""},"categories":[13],"tags":[],"class_list":["post-21323","post","type-post","status-publish","format-standard","has-post-thumbnail","hentry","category-produccion"],"_links":{"self":[{"href":"http:\/\/informeformosa.com.ar\/index.php?rest_route=\/wp\/v2\/posts\/21323","targetHints":{"allow":["GET"]}}],"collection":[{"href":"http:\/\/informeformosa.com.ar\/index.php?rest_route=\/wp\/v2\/posts"}],"about":[{"href":"http:\/\/informeformosa.com.ar\/index.php?rest_route=\/wp\/v2\/types\/post"}],"author":[{"embeddable":true,"href":"http:\/\/informeformosa.com.ar\/index.php?rest_route=\/wp\/v2\/users\/11"}],"replies":[{"embeddable":true,"href":"http:\/\/informeformosa.com.ar\/index.php?rest_route=%2Fwp%2Fv2%2Fcomments&post=21323"}],"version-history":[{"count":0,"href":"http:\/\/informeformosa.com.ar\/index.php?rest_route=\/wp\/v2\/posts\/21323\/revisions"}],"wp:featuredmedia":[{"embeddable":true,"href":"http:\/\/informeformosa.com.ar\/index.php?rest_route=\/wp\/v2\/media\/21328"}],"wp:attachment":[{"href":"http:\/\/informeformosa.com.ar\/index.php?rest_route=%2Fwp%2Fv2%2Fmedia&parent=21323"}],"wp:term":[{"taxonomy":"category","embeddable":true,"href":"http:\/\/informeformosa.com.ar\/index.php?rest_route=%2Fwp%2Fv2%2Fcategories&post=21323"},{"taxonomy":"post_tag","embeddable":true,"href":"http:\/\/informeformosa.com.ar\/index.php?rest_route=%2Fwp%2Fv2%2Ftags&post=21323"}],"curies":[{"name":"wp","href":"https:\/\/api.w.org\/{rel}","templated":true}]}}