{"id":19843,"date":"2017-11-05T17:13:18","date_gmt":"2017-11-05T20:13:18","guid":{"rendered":"http:\/\/informeformosa.com.ar\/?p=19843"},"modified":"2017-11-05T17:14:25","modified_gmt":"2017-11-05T20:14:25","slug":"el-jueves-23-proclamarian-a-electos-en-los-recientes-comicios-legislativos","status":"publish","type":"post","link":"http:\/\/informeformosa.com.ar\/?p=19843","title":{"rendered":"El jueves 23 proclamar\u00edan a electos  en los recientes comicios legislativos"},"content":{"rendered":"<p>Los 15 diputados provinciales y 82 concejales municipales electos en los comicios legislativos de medio t\u00e9rmino del pasado 22 de octubre, serian proclamados en sus cargos en un acto a realizarse el jueves 23 del corriente. En las pr\u00f3ximas horas quedara definitivamente confirmada la fecha e incluso el horario, aunque ser\u00e1 por la tarde se aseguro, e incluso el lugar de la ceremonia donde los integrantes del Tribunal Electoral Permanente (presidido por la doctora Ver\u00f3nica Hans, adem\u00e1s de Daniel Moreno y Sandra Moreno) entregaran los correspondientes diplomas: El amplio sal\u00f3n del Galp\u00f3n \u201cG\u201d del Paseo Costanero.<\/p>\n<p>En el acto adem\u00e1s de darse lectura del acta de proclamaci\u00f3n de candidatos se har\u00e1 entrega de los correspondientes t\u00edtulos que acreditan la condici\u00f3n de electos por la voluntad popular a cada uno de ellos. Se tratan de los despachos asignados a los parlamentarios provinciales y comunales, en un total de 97, es decir los 15 legisladores provinciales y 82 comunales.<\/p>\n<p>Al acto protocolar ser\u00e1n invitadas las autoridades de los tres poderes del Estado: Ejecutivo, Legislativo y Judicial. Tambi\u00e9n los electos podr\u00e1n asistir con familiares y equipos pol\u00edticos de trabajo.<\/p>\n<p>En el seno electoral y luego del escrutinio definitivo se labro el acta correspondiente de asignaci\u00f3n de los cargos provinciales y municipales que resultaron electos el pasado 22 de octubre, con lo cual se declaro la validez del recuento y se labro el acta final, donde constan los resultados de las \u00faltimas elecciones legislativas de medio t\u00e9rmino en lo atinente al \u00e1mbito provincial y municipal.<\/p>\n<p>Teniendo en cuenta que en todo el \u00e1mbito provincial estuvieron en disputa 102 cargos legislativos, tres senadores nacionales, dos diputados nacionales, 15 diputados provinciales y 82 concejales, el Frente de la Victoria se aseguro 84 bancas y el Frente Amplio Cambiemos 18.<\/p>\n<p>As\u00ed las cosas, asumir\u00e1n una banca en la Legislatura Provincial el pr\u00f3ximo diez de diciembre por el FDV Agust\u00edn Samaniego, Margarita Batista, Rodrigo Vera, Juan Caballero, Silvia Andraus, Rafael Navas, Jorge Rom\u00e1n, Mirtha Amanda Marquez, Celso Serv\u00edn y Jorge Nielsen. En tanto por Cambiemos ingresar\u00e1n Ricardo Carbajal, Mirna Molinas, Enrique Ram\u00edrez, Adri\u00e1n Malgarini y Andrea Tassel.<\/p>\n<p>En el caso de los concejales, en los pr\u00f3ximos d\u00edas se informara con detalles los nombres de cada uno de ellos. De los 27 municipios y decena de comisiones de fomento, en 33 de ellos se renovaron dos concejal\u00edas, es decir un total de 66; mientras que en las municipalidades de Formosa capital fueron 6, en Clorinda 4, y en El Colorado y Pirane, 6 ediles en cada caso.<\/p>\n","protected":false},"excerpt":{"rendered":"<p>Los 15 diputados provinciales y 82 concejales municipales electos en los comicios legislativos de medio t\u00e9rmino del pasado 22 de octubre, serian proclamados en sus cargos en un acto a realizarse el jueves 23 del corriente. En las pr\u00f3ximas horas quedara definitivamente confirmada la fecha e incluso el horario, aunque ser\u00e1 por la tarde se [&hellip;]<\/p>\n","protected":false},"author":11,"featured_media":19847,"comment_status":"open","ping_status":"open","sticky":false,"template":"","format":"standard","meta":{"footnotes":""},"categories":[21],"tags":[],"class_list":["post-19843","post","type-post","status-publish","format-standard","has-post-thumbnail","hentry","category-provinciales"],"_links":{"self":[{"href":"http:\/\/informeformosa.com.ar\/index.php?rest_route=\/wp\/v2\/posts\/19843","targetHints":{"allow":["GET"]}}],"collection":[{"href":"http:\/\/informeformosa.com.ar\/index.php?rest_route=\/wp\/v2\/posts"}],"about":[{"href":"http:\/\/informeformosa.com.ar\/index.php?rest_route=\/wp\/v2\/types\/post"}],"author":[{"embeddable":true,"href":"http:\/\/informeformosa.com.ar\/index.php?rest_route=\/wp\/v2\/users\/11"}],"replies":[{"embeddable":true,"href":"http:\/\/informeformosa.com.ar\/index.php?rest_route=%2Fwp%2Fv2%2Fcomments&post=19843"}],"version-history":[{"count":0,"href":"http:\/\/informeformosa.com.ar\/index.php?rest_route=\/wp\/v2\/posts\/19843\/revisions"}],"wp:featuredmedia":[{"embeddable":true,"href":"http:\/\/informeformosa.com.ar\/index.php?rest_route=\/wp\/v2\/media\/19847"}],"wp:attachment":[{"href":"http:\/\/informeformosa.com.ar\/index.php?rest_route=%2Fwp%2Fv2%2Fmedia&parent=19843"}],"wp:term":[{"taxonomy":"category","embeddable":true,"href":"http:\/\/informeformosa.com.ar\/index.php?rest_route=%2Fwp%2Fv2%2Fcategories&post=19843"},{"taxonomy":"post_tag","embeddable":true,"href":"http:\/\/informeformosa.com.ar\/index.php?rest_route=%2Fwp%2Fv2%2Ftags&post=19843"}],"curies":[{"name":"wp","href":"https:\/\/api.w.org\/{rel}","templated":true}]}}