{"id":19837,"date":"2017-11-04T18:03:12","date_gmt":"2017-11-04T21:03:12","guid":{"rendered":"http:\/\/informeformosa.com.ar\/?p=19837"},"modified":"2017-11-04T18:03:12","modified_gmt":"2017-11-04T21:03:12","slug":"nueva-camada-de-agentes-ya-realizan-en-la-via-publica-las-practicas-profesionalizantes","status":"publish","type":"post","link":"http:\/\/informeformosa.com.ar\/?p=19837","title":{"rendered":"Nueva camada de agentes ya realizan en la v\u00eda publica las practicas profesionalizantes"},"content":{"rendered":"<p>Alrededor de seiscientos nuevos polic\u00edas, m\u00e1s de medio millar de ellos agentes con formaci\u00f3n b\u00e1sica en seguridad p\u00fablica, est\u00e1n pr\u00f3ximos a incorporarse de manera efectiva a la fuerza y de esa manera fortalecer la pol\u00edtica de seguridad p\u00fablica\u201d.<\/p>\n<p>Lo se\u00f1alado fue anticipado por el ministro de Gobierno, Justicia, Seguridad y Trabajo, Jorge Abel Gonz\u00e1lez, quien indico que \u201cla seguridad p\u00fablica es uno de los tres ejes centrales -como lo es la educaci\u00f3n y la salud-, por lo que de manera planificada se han dise\u00f1ado las estrategias tendientes a atender la demanda de recursos humanos. Y ello en funci\u00f3n de que es un \u00e1mbito fundamental para la mejor calidad de vida de las familias\u201d.<\/p>\n<p>Indico el ministro que \u201cen los \u00faltimos d\u00edas los futuros agentes han sido asignados v\u00eda p\u00fablica dentro de las pr\u00e1cticas profesionalizantes que forman parte del plan de estudios. Acompa\u00f1ados y supervisados por personal con experiencia han sido destacados en sectores estrat\u00e9gicos y orientados, para luego de cada jornada hacer sus reportes e informes, todo en esta fase final de su formaci\u00f3n\u201d.<\/p>\n<p>Indico que se desarrollan visitas did\u00e1cticas articuladas, se le brinda charlas de est\u00edmulo en la pr\u00e1ctica profesional y de orientaci\u00f3n en cuanto al trato al ciudadano.<\/p>\n<p>Expuso que con m\u00e1s recursos humanos y una mejor preparaci\u00f3n, como estos agentes con formaci\u00f3n b\u00e1sica en seguridad p\u00fablica, estamos aumento la capacidad del Estado<\/p>\n<p>de cumplir con algunas de las funciones que le son propias en materia de seguridad p\u00fablica, tales como la resoluci\u00f3n<\/p>\n<p>de conflictos, la promoci\u00f3n de la convivencia ciudadana, la prevenci\u00f3n y reducci\u00f3n del delito, entre otros\u201d.<\/p>\n<p>El ministro Gonz\u00e1lez destaco que en estos que ser\u00e1n efectivos policiales en poco tiempo mas, estar\u00e1 \u201crepresentada toda la geograf\u00eda formose\u00f1a\u201d, en directa referencia a que est\u00e1n no solo j\u00f3venes de las diferentes localidades y parajes de nuestro interior provincial, inclusive abor\u00edgenes\u201d.<\/p>\n<p>Dijo que \u201ctodo este proceso no hubiera sido posible<\/p>\n<p>de no tener una planificaci\u00f3n que nos permitiera contar<\/p>\n<p>con todos los recursos necesarios para que se conjuguen las acciones del Estado para que m\u00e1s recursos humanos ingresan a la vida activa de la polic\u00eda. Y eso se da sencillamente porque el gobernador Gildo Insfr\u00e1n trabaja por la felicidad de su pueblo y la grandeza de la provincia\u201d.<\/p>\n<p>&nbsp;<\/p>\n<p>Cuadros m\u00e1s profesionales<\/p>\n<p>&nbsp;<\/p>\n<p>Fue ponderado que el \u201cproceso de formaci\u00f3n permanente y la transformaci\u00f3n curricular en el seno de la formaci\u00f3n policial incorpor\u00e1ndose la tecnicatura superior en seguridad p\u00fablica, acentu\u00f3 la profesionalizaci\u00f3n\u201d en todos los cuadros de la instituci\u00f3n.<\/p>\n<p>Insisti\u00f3 en subrayar la decisi\u00f3n pol\u00edtica del PEP de no limitar inversiones a favor de la \u201ceficiencia a favor de la seguridad ciudadana, direccionando recursos propios a la jerarquizaci\u00f3n de los cuadros policiales, un permanente refuerzo en dotar de medios m\u00f3viles, log\u00edsticos y tecnol\u00f3gicos para tener una fuerza policial din\u00e1mica y a la vanguardia, para estar siempre un paso delante de lo delictual\u201d.<br \/>\nEn ese marco es que fue significado que \u201cse avanzo en el proceso de formaci\u00f3n de un a\u00f1o para la formaci\u00f3n a los agentes e incluso la incorporaci\u00f3n de la t\u00e9cnica en Seguridad Penitenciaria\u201d, destaco.<\/p>\n<p>Expuso finalmente el\u00a0 ministro el \u201cvalor\u201d del instituto en el seno de la esfera policial, ya que sobre ella\u00a0 \u201cse fue articulando la totalidad del sistema de formaci\u00f3n policial. Hoy contamos con la formaci\u00f3n inicial del cuadro de oficiales, la de suboficiales a trav\u00e9s de la escuela de agentes\u201d.<\/p>\n","protected":false},"excerpt":{"rendered":"<p>Alrededor de seiscientos nuevos polic\u00edas, m\u00e1s de medio millar de ellos agentes con formaci\u00f3n b\u00e1sica en seguridad p\u00fablica, est\u00e1n pr\u00f3ximos a incorporarse de manera efectiva a la fuerza y de esa manera fortalecer la pol\u00edtica de seguridad p\u00fablica\u201d. Lo se\u00f1alado fue anticipado por el ministro de Gobierno, Justicia, Seguridad y Trabajo, Jorge Abel Gonz\u00e1lez, quien [&hellip;]<\/p>\n","protected":false},"author":11,"featured_media":19839,"comment_status":"open","ping_status":"open","sticky":false,"template":"","format":"standard","meta":{"footnotes":""},"categories":[21],"tags":[],"class_list":["post-19837","post","type-post","status-publish","format-standard","has-post-thumbnail","hentry","category-provinciales"],"_links":{"self":[{"href":"http:\/\/informeformosa.com.ar\/index.php?rest_route=\/wp\/v2\/posts\/19837","targetHints":{"allow":["GET"]}}],"collection":[{"href":"http:\/\/informeformosa.com.ar\/index.php?rest_route=\/wp\/v2\/posts"}],"about":[{"href":"http:\/\/informeformosa.com.ar\/index.php?rest_route=\/wp\/v2\/types\/post"}],"author":[{"embeddable":true,"href":"http:\/\/informeformosa.com.ar\/index.php?rest_route=\/wp\/v2\/users\/11"}],"replies":[{"embeddable":true,"href":"http:\/\/informeformosa.com.ar\/index.php?rest_route=%2Fwp%2Fv2%2Fcomments&post=19837"}],"version-history":[{"count":0,"href":"http:\/\/informeformosa.com.ar\/index.php?rest_route=\/wp\/v2\/posts\/19837\/revisions"}],"wp:featuredmedia":[{"embeddable":true,"href":"http:\/\/informeformosa.com.ar\/index.php?rest_route=\/wp\/v2\/media\/19839"}],"wp:attachment":[{"href":"http:\/\/informeformosa.com.ar\/index.php?rest_route=%2Fwp%2Fv2%2Fmedia&parent=19837"}],"wp:term":[{"taxonomy":"category","embeddable":true,"href":"http:\/\/informeformosa.com.ar\/index.php?rest_route=%2Fwp%2Fv2%2Fcategories&post=19837"},{"taxonomy":"post_tag","embeddable":true,"href":"http:\/\/informeformosa.com.ar\/index.php?rest_route=%2Fwp%2Fv2%2Ftags&post=19837"}],"curies":[{"name":"wp","href":"https:\/\/api.w.org\/{rel}","templated":true}]}}