{"id":19836,"date":"2017-11-04T17:58:47","date_gmt":"2017-11-04T20:58:47","guid":{"rendered":"http:\/\/informeformosa.com.ar\/?p=19836"},"modified":"2017-11-04T17:58:47","modified_gmt":"2017-11-04T20:58:47","slug":"samaniego-lamento-que-la-oposicion-local-siga-transitando-a-contramano-de-la-realidad","status":"publish","type":"post","link":"http:\/\/informeformosa.com.ar\/?p=19836","title":{"rendered":"Samaniego lamento que \u201cla oposici\u00f3n local  siga transitando a contramano de la realidad\u201d"},"content":{"rendered":"<p>El presidente del bloque de diputados del PJ, Agust\u00edn Samaniego, lamento, aunque considero que a esta altura ya resulta habitual, que la dirigencia opositora desde el discurso y en su accionar vaya a \u201ccontramano de la realidad de los formose\u00f1os\u201d.<\/p>\n<p>\u201cF\u00edjese, tenemos a un senador como (Luis) Naidenoff que lejos de advertir y trabajar para que el presupuesto nacional 2018 incluya obras para Formosa -ya que el proyecto enviado por el Ejecutivo no lo hace-, est\u00e1 empe\u00f1ado en continuar elaborando firuletes estad\u00edsticos con el objetivo, falsario y a todas luces imposible, de atenuar la tremenda derrota electoral sufrida. Quien se dice defensor de la democracia, debe llamarse a serena reflexi\u00f3n ante la decisi\u00f3n de la inmensa mayor\u00eda \u00a0de los formose\u00f1os que quieren seguir prosperando con este modelo de provincia\u201d.<\/p>\n<p>\u201cCon respecto al caso Buryaile, no es nuestra intenci\u00f3n hacer le\u00f1a del \u00e1rbol ca\u00eddo, pero de all\u00ed a que se se\u00f1ale que \u201cse fue con todos los honores\u201d me parece demasiado. El ahora ex-Ministro no conform\u00f3 a nadie con su magra gesti\u00f3n. Al Presidente es m\u00e1s que evidente, menos a los productores del agro, y muchos menos de la industria. La muestra de esto es que la\u00a0principal dirigencia del campo de su provincia Formosa, inclusive a los que son de su misma extracci\u00f3n pol\u00edtica, han coincidido en lo improductivo, intrascendente, y hasta negativo del breve paso de Buryaile por la cartera de Agroindustria.<\/p>\n<p>\u201cLa moraleja de todo esto es que, la dirigencia radical de nuestra provincia debe darse cuenta de una vez por todas, que Macri, no solo aplica pol\u00edticas que van en contra de los principios fundadores del Radicalismo, sino que tambi\u00e9n desprecia a sus dirigentes, m\u00e1s a\u00fan si son de provincias como la nuestra\u201d sostuvo.<\/p>\n<p>Advirti\u00f3 que \u201ctenemos una oposici\u00f3n local que insiste en la negaci\u00f3n, en respaldar a ojos cerrados pol\u00edticas p\u00fablicas, que nadie puede dudar, s\u00f3lo favorecen a los grandes grupos econ\u00f3micos en desmedro de la mayor\u00eda de pueblo argentino. Apoyar estas medidas de reforma en el \u00e1mbito econ\u00f3mico, laboral y previsional, todos estamos seguros, no ha sido el mandato que les otorgaron sus votantes. Se los voto, aunque sea en minor\u00eda, para defenderlos no para da\u00f1arlos. Se los voto para que defiendan a Formosa, no a los intereses de la zona geogr\u00e1fica m\u00e1s rica del pa\u00eds\u201d.<\/p>\n<p>Aqu\u00ed marco la \u201cincongruencia de un radicalismo que se mueve en sinton\u00eda con la agenda de los medios nacionales y con el suceso de mayor rating del momento. Pero ausente en idear un proyecto pol\u00edtico serio, lo que marca que han sido superados por la incoherencia ideol\u00f3gica\u201d.<\/p>\n<p>Expuso concluyente que \u201ccomo intrusos apropi\u00e1ndose de lo ajeno, aplauden un respaldo popular ilusorio, sobre el cual se montan para erigirse en fiscales acusatorios. Muchos deben estar en los banquillos de acusados, y no en el rol c\u00ednico de jueces de la conducta ajena. Violentan\u00a0la realidad y se fuerza a imponer en la opini\u00f3n p\u00fablica un deseo personal impugnado por el soberano\u201d.<\/p>\n<p>&nbsp;<\/p>\n","protected":false},"excerpt":{"rendered":"<p>El presidente del bloque de diputados del PJ, Agust\u00edn Samaniego, lamento, aunque considero que a esta altura ya resulta habitual, que la dirigencia opositora desde el discurso y en su accionar vaya a \u201ccontramano de la realidad de los formose\u00f1os\u201d. \u201cF\u00edjese, tenemos a un senador como (Luis) Naidenoff que lejos de advertir y trabajar para [&hellip;]<\/p>\n","protected":false},"author":11,"featured_media":19358,"comment_status":"open","ping_status":"open","sticky":false,"template":"","format":"standard","meta":{"footnotes":""},"categories":[2],"tags":[],"class_list":["post-19836","post","type-post","status-publish","format-standard","has-post-thumbnail","hentry","category-locales"],"_links":{"self":[{"href":"http:\/\/informeformosa.com.ar\/index.php?rest_route=\/wp\/v2\/posts\/19836","targetHints":{"allow":["GET"]}}],"collection":[{"href":"http:\/\/informeformosa.com.ar\/index.php?rest_route=\/wp\/v2\/posts"}],"about":[{"href":"http:\/\/informeformosa.com.ar\/index.php?rest_route=\/wp\/v2\/types\/post"}],"author":[{"embeddable":true,"href":"http:\/\/informeformosa.com.ar\/index.php?rest_route=\/wp\/v2\/users\/11"}],"replies":[{"embeddable":true,"href":"http:\/\/informeformosa.com.ar\/index.php?rest_route=%2Fwp%2Fv2%2Fcomments&post=19836"}],"version-history":[{"count":0,"href":"http:\/\/informeformosa.com.ar\/index.php?rest_route=\/wp\/v2\/posts\/19836\/revisions"}],"wp:featuredmedia":[{"embeddable":true,"href":"http:\/\/informeformosa.com.ar\/index.php?rest_route=\/wp\/v2\/media\/19358"}],"wp:attachment":[{"href":"http:\/\/informeformosa.com.ar\/index.php?rest_route=%2Fwp%2Fv2%2Fmedia&parent=19836"}],"wp:term":[{"taxonomy":"category","embeddable":true,"href":"http:\/\/informeformosa.com.ar\/index.php?rest_route=%2Fwp%2Fv2%2Fcategories&post=19836"},{"taxonomy":"post_tag","embeddable":true,"href":"http:\/\/informeformosa.com.ar\/index.php?rest_route=%2Fwp%2Fv2%2Ftags&post=19836"}],"curies":[{"name":"wp","href":"https:\/\/api.w.org\/{rel}","templated":true}]}}