{"id":19831,"date":"2017-11-04T17:50:46","date_gmt":"2017-11-04T20:50:46","guid":{"rendered":"http:\/\/informeformosa.com.ar\/?p=19831"},"modified":"2017-11-04T17:50:46","modified_gmt":"2017-11-04T20:50:46","slug":"la-cesantia-de-buryaile-en-las-antipodas-entre-una-y-otra-mirada","status":"publish","type":"post","link":"http:\/\/informeformosa.com.ar\/?p=19831","title":{"rendered":"La cesant\u00eda de Buryaile en las ant\u00edpodas entre una y otra mirada"},"content":{"rendered":"<p>En las ant\u00edpodas o diametralmente opuestas se encuentran las miradas entre la dirigencia del campo formose\u00f1o y la de Cambiemos local a partir del desplazamiento del ministerio de\u00a0 Agroindustria, Ricardo Buryaile.<\/p>\n<p>Es que quienes se encuentran en cargo de conducci\u00f3n de asociaciones vinculadas a la producci\u00f3n de la provincia, consideran\u00a0 de que las afirmaciones de que se \u201cfue con todos los honores\u201d o que tuvo \u201cuna gesti\u00f3n brillante\u201d, en realidad es una \u201cincongruencia\u201d, sobre todo a partir de la coincidencia en lo \u201cimproductivo\u201d del paso de Buryaile por la cartera de Agroindustria.<\/p>\n<p>\u201cIncluso y lo que es peor, ya que el ex ministro es una an\u00e9cdota de un formose\u00f1o que fue ministro nacional y decepciono a todos, es que quien lo remplaza no genera muchas expectativas entre los peque\u00f1os y medianos productores, advirti\u00e9ndose que el campo del interior del pa\u00eds no figura en la agenda del gobierno nacional\u201d, sostuvieron.<\/p>\n<p>Rolando Ziessenis, director regional de la FAA, saco a relucir de la interna del formose\u00f1o con su sucesor, Luis Miguel Etchevehere,\u00a0 exponiendo que la gesti\u00f3n de Buryaile \u201cno tuvo las respuestas que nosotros quer\u00edamos para las econom\u00edas regionales y para el mediano y peque\u00f1o productor\u201d.<\/p>\n<p>Aunque destaco su actitud de \u201cpuertas abiertas\u201d, lamento que \u201clas soluciones no vinieron\u201d.<\/p>\n<p>Otro dirigente agrario, en este caso de la misma extracci\u00f3n partidaria del saliente ministro, fue P\u00e1nfilo Ayala, quien expuso la desilusi\u00f3n luego de que se esperanzaran cuando asumi\u00f3. \u201cConocedor de nuestra realidad no cumpli\u00f3, no soluciono los problemas y tampoco sirvi\u00f3\u201d, para advertir que \u201chubo mucha mentira\u201d, no sin dejar de lamentar que \u201cse haya desaprovechado estos dos a\u00f1os de funciones que consider\u00e1bamos tendr\u00edamos una ayuda adicional\u201d.<\/p>\n<p>Hubo concurrencia en que \u201cno deja un buen recuerdo\u201d y que su \u201cninguneo\u201d desilusiono la esperanza que despert\u00f3 su nombramiento hace casi dos a\u00f1os en el gabinete nacional.<\/p>\n<p>El vicepresidente de la Federaci\u00f3n Econ\u00f3mica de Formosa, Dar\u00edo Araujo, comerciante y productor ganadero de la zona de Palo Santo, al opinar sostuvo que \u201ces una se\u00f1al m\u00e1s de que quienes forman parte del grupo macroecon\u00f3mico del pa\u00eds se est\u00e1n apoderando del gobierno\u201d, para considerar que \u201ces lamentable lo de Ricardo, que es un formose\u00f1o, y si bien no pudo dar soluciones a un mont\u00f3n de sectores: bananeros, ganaderos, agricultores y en otros lugares el sector l\u00e1cteo, uno ten\u00eda cierta esperanza\u201d.<\/p>\n<p>\u201cEl no hizo mucho por la provincia. Deber\u00eda haber estado m\u00e1s en contacto con los productores formose\u00f1os, sobre todo a partir de que se pudo restablecer algo de normalidad clim\u00e1tica tras dos periodos consecutivos con inundaciones. Pero con la declaraci\u00f3n de emergencia establecida tampoco nos ayudo, es que esta medida vence el 31 de diciembre y no hemos recibido absolutamente nada, salvo algunos diferimientos impositivos provinciales\u201d, refiri\u00f3.<\/p>\n<p>Opino el dirigente que \u201clastimosamente no creo que Buryaile deje un buen recuerdo como ministro ante los productores formose\u00f1os\u201d.<\/p>\n<p>Para el diputado nacional del FdV, Luis Basterra, fue \u201cuna oportunidad perdida\u201d para Formosa, considerando l\u00f3gica su salida a partir de la falta de resultados, y llegamos a la conclucion que su paso fue sin pena ni gloria\u201d.<\/p>\n<p>Record\u00f3 que la quita de retenciones gener\u00f3 un \u00e1nimo de aliento entre los productores, quienes estaban contentos con el cambio de gobierno porque en un primer momento significaba la reivindicaci\u00f3n del sector, pero despu\u00e9s no hubo acciones concretas del ministro saliente.<\/p>\n<p>&nbsp;<\/p>\n<p>&nbsp;<\/p>\n","protected":false},"excerpt":{"rendered":"<p>En las ant\u00edpodas o diametralmente opuestas se encuentran las miradas entre la dirigencia del campo formose\u00f1o y la de Cambiemos local a partir del desplazamiento del ministerio de\u00a0 Agroindustria, Ricardo Buryaile. Es que quienes se encuentran en cargo de conducci\u00f3n de asociaciones vinculadas a la producci\u00f3n de la provincia, consideran\u00a0 de que las afirmaciones de [&hellip;]<\/p>\n","protected":false},"author":11,"featured_media":6694,"comment_status":"open","ping_status":"open","sticky":false,"template":"","format":"standard","meta":{"footnotes":""},"categories":[13],"tags":[],"class_list":["post-19831","post","type-post","status-publish","format-standard","has-post-thumbnail","hentry","category-produccion"],"_links":{"self":[{"href":"http:\/\/informeformosa.com.ar\/index.php?rest_route=\/wp\/v2\/posts\/19831","targetHints":{"allow":["GET"]}}],"collection":[{"href":"http:\/\/informeformosa.com.ar\/index.php?rest_route=\/wp\/v2\/posts"}],"about":[{"href":"http:\/\/informeformosa.com.ar\/index.php?rest_route=\/wp\/v2\/types\/post"}],"author":[{"embeddable":true,"href":"http:\/\/informeformosa.com.ar\/index.php?rest_route=\/wp\/v2\/users\/11"}],"replies":[{"embeddable":true,"href":"http:\/\/informeformosa.com.ar\/index.php?rest_route=%2Fwp%2Fv2%2Fcomments&post=19831"}],"version-history":[{"count":0,"href":"http:\/\/informeformosa.com.ar\/index.php?rest_route=\/wp\/v2\/posts\/19831\/revisions"}],"wp:featuredmedia":[{"embeddable":true,"href":"http:\/\/informeformosa.com.ar\/index.php?rest_route=\/wp\/v2\/media\/6694"}],"wp:attachment":[{"href":"http:\/\/informeformosa.com.ar\/index.php?rest_route=%2Fwp%2Fv2%2Fmedia&parent=19831"}],"wp:term":[{"taxonomy":"category","embeddable":true,"href":"http:\/\/informeformosa.com.ar\/index.php?rest_route=%2Fwp%2Fv2%2Fcategories&post=19831"},{"taxonomy":"post_tag","embeddable":true,"href":"http:\/\/informeformosa.com.ar\/index.php?rest_route=%2Fwp%2Fv2%2Ftags&post=19831"}],"curies":[{"name":"wp","href":"https:\/\/api.w.org\/{rel}","templated":true}]}}