{"id":19812,"date":"2017-11-03T19:21:28","date_gmt":"2017-11-03T22:21:28","guid":{"rendered":"http:\/\/informeformosa.com.ar\/?p=19812"},"modified":"2017-11-03T19:21:28","modified_gmt":"2017-11-03T22:21:28","slug":"trabajan-en-sistematizar-datos-sobre-violencia-contra-la-mujer","status":"publish","type":"post","link":"http:\/\/informeformosa.com.ar\/?p=19812","title":{"rendered":"Trabajan en sistematizar datos sobre violencia contra la mujer"},"content":{"rendered":"<p>La subsecretaria de la Mujer de la provincia, Ang\u00e9lica Garc\u00eda, presidio este viernes el taller donde se trabajo con equipos t\u00e9cnicos nacionales y locales en pos de lograr la sistematizaci\u00f3n de los datos en un registro sobre violencia de g\u00e9nero en Formosa.<\/p>\n<p>Expuso la funcionaria que la iniciativa se enmarco en el programa de adhesi\u00f3n al \u201cMes Internacional de la Eliminaci\u00f3n de la Violencia contra la Mujer\u201d, para lo cual dicho organismo junto a la direcci\u00f3n de Estad\u00edstica y Censos de la Provincia organizo este taller sobre sensibilizaci\u00f3n sobre violencia de g\u00e9nero y la presentaci\u00f3n del Registro \u00danico de Casos de Violencia de G\u00e9nero.<\/p>\n<p>Estuvieron profesionales del INAM (Instituto Nacional de las Mujeres) y del INDEC, quienes expusieron valiosa informaci\u00f3n que \u201cpermitir\u00e1 poder acentuar acciones coordinadas con otros organismos que trabajan en la tem\u00e1tica del genero y lograr la centralizaci\u00f3n de datos para la direcci\u00f3n de Estad\u00edsticas y Censos de la provincia\u201d, expuso Garcia, quien destaco que todos los organismos de la provincia concurrieron a este taller.<\/p>\n<p>Indico que la secretaria de la Mujer dispone de su registro de los casos de violencia, el aporte del INDEC pasara por cumplimentar todos los requisitos a fin de sistematizar la carga de informaci\u00f3n. \u201cSe dispondr\u00e1 entonces de las estad\u00edsticas de todo el pa\u00eds en general y de nuestra provincia en particular\u201d, expuso.<\/p>\n<p>\u201cTras este taller con las personas capacitadas, todas las \u00e1reas que manejen la tem\u00e1tica de violencia de g\u00e9nero\u00a0 o las pol\u00edticas p\u00fablicas con perspectivas de g\u00e9nero, podr\u00e1n brindar al ente focal que es la secretaria de la Mujer sus datos para que nosotros aportemos a la direcci\u00f3n de Estad\u00edsticas y Censo de la provincia\u201d, indico, para destacar que \u201cnos permitir\u00e1 avanzar con una base de datos centralizada\u201d.<\/p>\n<p>Por su parte, Mar\u00eda Rosa Diez de Ulzurrum, coordinadora del programa de Sistema de Estad\u00edsticas del INDEC, expuso que a trav\u00e9s de estos talleres de sensibilizaci\u00f3n se presenta el registro y al mismo tiempo se convoca a todas las instituciones que registran casos de violencia contra la mujer en cada provincia, a quienes se explica acerca del sistema de transferencia de los datos para que puedan aportar los mismos al registro nacional.<\/p>\n<p>\u201cNos basamos en la ley nacional 26485, conformando este registro con un conjunto de variables que pretendemos se ajusten en sus aportes cada una de las instituciones, adem\u00e1s de los requisitos que deben cumplir para convertirse en datos estad\u00edsticos\u201d, explico.<\/p>\n<p>Dijo finalmente que este registro nacional es \u201ccontinuo\u201d y viene funcionando desde el 2013 y pondero que con estos talleres como el realizado este viernes en el sal\u00f3n de UPCN \u201chemos podido incorporar a muchos organismos provinciales que dispon\u00edan de informaci\u00f3n pero quedaban almacenadas y no eran visibles\u201d.<\/p>\n","protected":false},"excerpt":{"rendered":"<p>La subsecretaria de la Mujer de la provincia, Ang\u00e9lica Garc\u00eda, presidio este viernes el taller donde se trabajo con equipos t\u00e9cnicos nacionales y locales en pos de lograr la sistematizaci\u00f3n de los datos en un registro sobre violencia de g\u00e9nero en Formosa. Expuso la funcionaria que la iniciativa se enmarco en el programa de adhesi\u00f3n [&hellip;]<\/p>\n","protected":false},"author":11,"featured_media":19814,"comment_status":"open","ping_status":"open","sticky":false,"template":"","format":"standard","meta":{"footnotes":""},"categories":[21],"tags":[],"class_list":["post-19812","post","type-post","status-publish","format-standard","has-post-thumbnail","hentry","category-provinciales"],"_links":{"self":[{"href":"http:\/\/informeformosa.com.ar\/index.php?rest_route=\/wp\/v2\/posts\/19812","targetHints":{"allow":["GET"]}}],"collection":[{"href":"http:\/\/informeformosa.com.ar\/index.php?rest_route=\/wp\/v2\/posts"}],"about":[{"href":"http:\/\/informeformosa.com.ar\/index.php?rest_route=\/wp\/v2\/types\/post"}],"author":[{"embeddable":true,"href":"http:\/\/informeformosa.com.ar\/index.php?rest_route=\/wp\/v2\/users\/11"}],"replies":[{"embeddable":true,"href":"http:\/\/informeformosa.com.ar\/index.php?rest_route=%2Fwp%2Fv2%2Fcomments&post=19812"}],"version-history":[{"count":0,"href":"http:\/\/informeformosa.com.ar\/index.php?rest_route=\/wp\/v2\/posts\/19812\/revisions"}],"wp:featuredmedia":[{"embeddable":true,"href":"http:\/\/informeformosa.com.ar\/index.php?rest_route=\/wp\/v2\/media\/19814"}],"wp:attachment":[{"href":"http:\/\/informeformosa.com.ar\/index.php?rest_route=%2Fwp%2Fv2%2Fmedia&parent=19812"}],"wp:term":[{"taxonomy":"category","embeddable":true,"href":"http:\/\/informeformosa.com.ar\/index.php?rest_route=%2Fwp%2Fv2%2Fcategories&post=19812"},{"taxonomy":"post_tag","embeddable":true,"href":"http:\/\/informeformosa.com.ar\/index.php?rest_route=%2Fwp%2Fv2%2Ftags&post=19812"}],"curies":[{"name":"wp","href":"https:\/\/api.w.org\/{rel}","templated":true}]}}