{"id":19809,"date":"2017-11-03T19:19:08","date_gmt":"2017-11-03T22:19:08","guid":{"rendered":"http:\/\/informeformosa.com.ar\/?p=19809"},"modified":"2017-11-03T19:19:08","modified_gmt":"2017-11-03T22:19:08","slug":"presentan-canciones-navidenas","status":"publish","type":"post","link":"http:\/\/informeformosa.com.ar\/?p=19809","title":{"rendered":"Presentan canciones navide\u00f1as"},"content":{"rendered":"<p>El ministerio de Cultura y Educaci\u00f3n, a trav\u00e9s de la Subsecretar\u00eda de Cultura, presenta el material discogr\u00e1fico \u201cNavidad, Desde el coraz\u00f3n de la Patria Grande\u201d. Sera el d\u00eda lunes 6 del corriente a las 8,30 en el Teatro de la Ciudad.<\/p>\n<p>Asistiran las autoridades educativas, directores de las instituciones y docentes de m\u00fasica de los diferentes niveles educativos de gesti\u00f3n privada y p\u00fablica. El material es autor\u00eda de Jasy (profesora Griselda Paredes), comprende ocho canciones navide\u00f1as que van narrando desde el momento de la anunciaci\u00f3n hasta el nacimiento del ni\u00f1o Jes\u00fas y la alegr\u00eda de su pueblo. Participaron de la grabaci\u00f3n solistas del Coro Infanto juvenil de la Provincia \u201cChiquita Milanese\u201d y una ex integrante del Coro Municipal de la Ciudad de Clorinda (a\u00f1o 2.009). En la presentaci\u00f3n se cuenta con la colaboraci\u00f3n especial del Coro de nivel primario del Instituto Santa Isabel.<\/p>\n<p>&nbsp;<\/p>\n","protected":false},"excerpt":{"rendered":"<p>El ministerio de Cultura y Educaci\u00f3n, a trav\u00e9s de la Subsecretar\u00eda de Cultura, presenta el material discogr\u00e1fico \u201cNavidad, Desde el coraz\u00f3n de la Patria Grande\u201d. Sera el d\u00eda lunes 6 del corriente a las 8,30 en el Teatro de la Ciudad. Asistiran las autoridades educativas, directores de las instituciones y docentes de m\u00fasica de los [&hellip;]<\/p>\n","protected":false},"author":11,"featured_media":19810,"comment_status":"open","ping_status":"open","sticky":false,"template":"","format":"standard","meta":{"footnotes":""},"categories":[10],"tags":[],"class_list":["post-19809","post","type-post","status-publish","format-standard","has-post-thumbnail","hentry","category-cultura"],"_links":{"self":[{"href":"http:\/\/informeformosa.com.ar\/index.php?rest_route=\/wp\/v2\/posts\/19809","targetHints":{"allow":["GET"]}}],"collection":[{"href":"http:\/\/informeformosa.com.ar\/index.php?rest_route=\/wp\/v2\/posts"}],"about":[{"href":"http:\/\/informeformosa.com.ar\/index.php?rest_route=\/wp\/v2\/types\/post"}],"author":[{"embeddable":true,"href":"http:\/\/informeformosa.com.ar\/index.php?rest_route=\/wp\/v2\/users\/11"}],"replies":[{"embeddable":true,"href":"http:\/\/informeformosa.com.ar\/index.php?rest_route=%2Fwp%2Fv2%2Fcomments&post=19809"}],"version-history":[{"count":0,"href":"http:\/\/informeformosa.com.ar\/index.php?rest_route=\/wp\/v2\/posts\/19809\/revisions"}],"wp:featuredmedia":[{"embeddable":true,"href":"http:\/\/informeformosa.com.ar\/index.php?rest_route=\/wp\/v2\/media\/19810"}],"wp:attachment":[{"href":"http:\/\/informeformosa.com.ar\/index.php?rest_route=%2Fwp%2Fv2%2Fmedia&parent=19809"}],"wp:term":[{"taxonomy":"category","embeddable":true,"href":"http:\/\/informeformosa.com.ar\/index.php?rest_route=%2Fwp%2Fv2%2Fcategories&post=19809"},{"taxonomy":"post_tag","embeddable":true,"href":"http:\/\/informeformosa.com.ar\/index.php?rest_route=%2Fwp%2Fv2%2Ftags&post=19809"}],"curies":[{"name":"wp","href":"https:\/\/api.w.org\/{rel}","templated":true}]}}