{"id":19792,"date":"2017-11-03T19:13:11","date_gmt":"2017-11-03T22:13:11","guid":{"rendered":"http:\/\/informeformosa.com.ar\/?p=19792"},"modified":"2017-11-03T19:13:11","modified_gmt":"2017-11-03T22:13:11","slug":"ibanez-los-gobernadores-pidieron-que-la-corte-suprema-escuche-a-las-provincias","status":"publish","type":"post","link":"http:\/\/informeformosa.com.ar\/?p=19792","title":{"rendered":"Ib\u00e1\u00f1ez: \u201cLos gobernadores pidieron que la Corte Suprema escuche a las provincias\u201d"},"content":{"rendered":"<p>\u201cEl pedido de los gobernadores a la Corte Suprema de Justicia fue que escuche a las provincias porque estamos convencidos de que esto no se resuelve con un fallo judicial\u201d, indic\u00f3 el ministro de Econom\u00eda, el doctor Jorge Ib\u00e1\u00f1ez, sobre las discusiones por el reclamo de recomposici\u00f3n del Fondo del Conurbano que lleva adelante la provincia de Buenos Aires.<\/p>\n<p>Asimismo, inform\u00f3 que, junto a sus pares provinciales, en el Consejo Federal de Inversiones (CFI) se comenz\u00f3 a analizar el proyecto del Presupuesto del a\u00f1o 2018. Las reuniones proseguir\u00e1n la semana entrante.<\/p>\n<p>Explic\u00f3 que \u201clos ministros de Econom\u00eda de las provincias, conjuntamente con los integrantes de la Comisi\u00f3n de Presupuesto de Diputados y Senadores, nos reunimos esta semana en el CFI y continuaremos la semana siguiente analizando de manera integral el proyecto del Presupuesto del a\u00f1o 2018\u201d.<\/p>\n<p>Indic\u00f3 que el proyecto \u201cfue enviado a la C\u00e1mara junto con un paquete de leyes especiales, por ejemplo, el impuesto al cheque, el especial de reval\u00fao impositivo, la Ley de Responsabilidad Fiscal, impuesto a los cigarrillos, el pacto fiscal del \u201993 que vence, entre otras\u201d.<\/p>\n<p>En ese sentido, dijo que el Presupuesto 2018 \u201ctiene partes muy interesantes para las discusiones\u201d, agregando por otra parte, que \u201ctenemos adem\u00e1s un punto en com\u00fan (con los dem\u00e1s ministros) que es el Fondo del Conurbano\u201d.<\/p>\n<p>Sobre este \u00faltimo punto, dijo que \u201cvencieron todos los plazos para que las provincias contesten las demandas y todas las provincias argentinas as\u00ed lo hicieron, rechazando la pretensi\u00f3n de la Provincia de Buenos Aires\u201d.<\/p>\n<p>\u201cHubo un documento de los gobernadores que se reunieron en el CFI, casi con asistencia perfecta, porque el \u00fanico que no pudo asistir fue justamente Mario Das Neves, quien falleci\u00f3 recientemente. Obviamente la provincia de Buenos Aires no particip\u00f3. El pedido a la Corte Suprema fue que escuche a las provincias porque estamos convencidos de que esto no se resuelve con un fallo judicial, sino en una mesa de discusi\u00f3n pol\u00edtica que indudablemente debe ser el Congreso de la Naci\u00f3n y donde van a participar activamente todos los gobernadores\u201d, explico.<\/p>\n<p>Insisti\u00f3 en su advertencia\u00a0 acerca de lo que \u201ces muy delicado lo que est\u00e1 de por medio, no solo para cada una de las jurisdicciones provinciales sino para los municipios., subrayando la necesidad de un \u201cdebate profundo sobre la asignaci\u00f3n de fondos, dado que el gobierno nacional le est\u00e1 otorgando a provincia y ciudad de Buenos Aires m\u00e1s recursos, ATN, obras, etc.\u201d<\/p>\n<p>Record\u00f3 que \u201ca trav\u00e9s de un DNU, se asigno unos 12 mil millones de d\u00f3lares pr\u00e1cticamente para Capital y provincia de Buenos Aires, en el norte no recibimos un peso\u201d.<\/p>\n<p>Incluso expuso que \u201cse otorgo tambi\u00e9n subsidios al gas, electricidad, transporte y otras actividades que tienen como eje tambi\u00e9n a Buenos Aires. Todo esto los gobernadores ponen sobre la mesa para discutir el fondo, pero el \u00e1mbito de discutir una ley es el Congreso y no la Corte Suprema\u201d, insisti\u00f3.<\/p>\n<p>Finalmente, el ministro ratifico el impacto financiero para las cuentas locales en caso de ocurriese un fallo favorable del alto tribunal a la jurisdicci\u00f3n bonaerense: \u201cFormosa perder\u00eda 3.292 millones de pesos, $2.373 al descongelarse el Fondo del Conurbano y llevarse el 10% de ganancias y $919 del reparto por NBI\u201d.<\/p>\n<p>&nbsp;<\/p>\n<p>&nbsp;<\/p>\n<p>&nbsp;<\/p>\n","protected":false},"excerpt":{"rendered":"<p>\u201cEl pedido de los gobernadores a la Corte Suprema de Justicia fue que escuche a las provincias porque estamos convencidos de que esto no se resuelve con un fallo judicial\u201d, indic\u00f3 el ministro de Econom\u00eda, el doctor Jorge Ib\u00e1\u00f1ez, sobre las discusiones por el reclamo de recomposici\u00f3n del Fondo del Conurbano que lleva adelante la [&hellip;]<\/p>\n","protected":false},"author":11,"featured_media":13559,"comment_status":"open","ping_status":"open","sticky":false,"template":"","format":"standard","meta":{"footnotes":""},"categories":[3],"tags":[],"class_list":["post-19792","post","type-post","status-publish","format-standard","has-post-thumbnail","hentry","category-politica-y-economia"],"_links":{"self":[{"href":"http:\/\/informeformosa.com.ar\/index.php?rest_route=\/wp\/v2\/posts\/19792","targetHints":{"allow":["GET"]}}],"collection":[{"href":"http:\/\/informeformosa.com.ar\/index.php?rest_route=\/wp\/v2\/posts"}],"about":[{"href":"http:\/\/informeformosa.com.ar\/index.php?rest_route=\/wp\/v2\/types\/post"}],"author":[{"embeddable":true,"href":"http:\/\/informeformosa.com.ar\/index.php?rest_route=\/wp\/v2\/users\/11"}],"replies":[{"embeddable":true,"href":"http:\/\/informeformosa.com.ar\/index.php?rest_route=%2Fwp%2Fv2%2Fcomments&post=19792"}],"version-history":[{"count":0,"href":"http:\/\/informeformosa.com.ar\/index.php?rest_route=\/wp\/v2\/posts\/19792\/revisions"}],"wp:featuredmedia":[{"embeddable":true,"href":"http:\/\/informeformosa.com.ar\/index.php?rest_route=\/wp\/v2\/media\/13559"}],"wp:attachment":[{"href":"http:\/\/informeformosa.com.ar\/index.php?rest_route=%2Fwp%2Fv2%2Fmedia&parent=19792"}],"wp:term":[{"taxonomy":"category","embeddable":true,"href":"http:\/\/informeformosa.com.ar\/index.php?rest_route=%2Fwp%2Fv2%2Fcategories&post=19792"},{"taxonomy":"post_tag","embeddable":true,"href":"http:\/\/informeformosa.com.ar\/index.php?rest_route=%2Fwp%2Fv2%2Ftags&post=19792"}],"curies":[{"name":"wp","href":"https:\/\/api.w.org\/{rel}","templated":true}]}}