{"id":19781,"date":"2017-11-03T18:58:51","date_gmt":"2017-11-03T21:58:51","guid":{"rendered":"http:\/\/informeformosa.com.ar\/?p=19781"},"modified":"2017-11-03T18:58:51","modified_gmt":"2017-11-03T21:58:51","slug":"espacio-formativo-en-lengua-y-cultura-guarani-2","status":"publish","type":"post","link":"http:\/\/informeformosa.com.ar\/?p=19781","title":{"rendered":"Espacio formativo en lengua y cultura guaran\u00ed"},"content":{"rendered":"<p>Acaba de producirse el cierre del cuarto y \u00faltimo encuentro de la segunda cohorte del espacio formativo en \u201clengua y cultura guaran\u00ed\u201d. La jornada se desarroll\u00f3 en el Instituto Pedag\u00f3gico Provincial (IPP) \u201cJusticia Social\u201d, con la participaci\u00f3n de docentes y autoridades del ministerio de Cultura y Educaci\u00f3n y del IPP.<\/p>\n<p>Este espacio se inici\u00f3 en el a\u00f1o 2016 en el marco del Plan Provincial de Formaci\u00f3n Docente Continua y es dise\u00f1ado y desarrollado por la Coordinaci\u00f3n de la Modalidad de Educaci\u00f3n Intercultural Biling\u00fce (EIB) y est\u00e1 destinado a 132 docentes provenientes de 66 escuelas primarias de las delegaciones zonales Pilcomayo, Formosa Capital y Laishi. La coordinaci\u00f3n de la Modalidad de EIB, junto con los docentes hablantes de la lengua y cultura guaran\u00ed se proponen el estudio y la construcci\u00f3n de herramientas pedag\u00f3gica y did\u00e1ctica para el desempe\u00f1o profesional docente en contextos biling\u00fces guaran\u00ed- espa\u00f1ol. Desde el a\u00f1o 2003 la provincia de Formosa a trav\u00e9s de la coordinaci\u00f3n de EIB desarrolla acciones de capacitaci\u00f3n en servicio a los docentes que desempe\u00f1an sus funciones en escuelas caracterizadas la diversidad cultural y ling\u00fc\u00edstica, y se propone fortalecer las capacidades docentes en la formaci\u00f3n en servicio a los educadores que se desempe\u00f1an en escuelas donde est\u00e1n presente las lengua y cultura guaran\u00ed. Objetivos de la capacitaci\u00f3n: Reconocer los valores y diferentes saberes culturales de los pueblos de Formosa. Valorar la identidad y la conciencia cultural de los pueblos formose\u00f1os. Ejercitar el uso permanente tanto en forma oral como escrita de las lenguas reflexi\u00f3n y an\u00e1lisis sobre las din\u00e1micas ling\u00fc\u00edsticas de la provincia. Adem\u00e1s de generar espacios que articulan las diferentes instancias de la pr\u00e1ctica docente con las distintas instituciones educativas dinamizando los canales de comunicaci\u00f3n y propiciando la participaci\u00f3n activa de los docentes.<\/p>\n<p>&nbsp;<\/p>\n","protected":false},"excerpt":{"rendered":"<p>Acaba de producirse el cierre del cuarto y \u00faltimo encuentro de la segunda cohorte del espacio formativo en \u201clengua y cultura guaran\u00ed\u201d. La jornada se desarroll\u00f3 en el Instituto Pedag\u00f3gico Provincial (IPP) \u201cJusticia Social\u201d, con la participaci\u00f3n de docentes y autoridades del ministerio de Cultura y Educaci\u00f3n y del IPP. Este espacio se inici\u00f3 en [&hellip;]<\/p>\n","protected":false},"author":11,"featured_media":19787,"comment_status":"open","ping_status":"open","sticky":false,"template":"","format":"standard","meta":{"footnotes":""},"categories":[4],"tags":[],"class_list":["post-19781","post","type-post","status-publish","format-standard","has-post-thumbnail","hentry","category-educacion"],"_links":{"self":[{"href":"http:\/\/informeformosa.com.ar\/index.php?rest_route=\/wp\/v2\/posts\/19781","targetHints":{"allow":["GET"]}}],"collection":[{"href":"http:\/\/informeformosa.com.ar\/index.php?rest_route=\/wp\/v2\/posts"}],"about":[{"href":"http:\/\/informeformosa.com.ar\/index.php?rest_route=\/wp\/v2\/types\/post"}],"author":[{"embeddable":true,"href":"http:\/\/informeformosa.com.ar\/index.php?rest_route=\/wp\/v2\/users\/11"}],"replies":[{"embeddable":true,"href":"http:\/\/informeformosa.com.ar\/index.php?rest_route=%2Fwp%2Fv2%2Fcomments&post=19781"}],"version-history":[{"count":0,"href":"http:\/\/informeformosa.com.ar\/index.php?rest_route=\/wp\/v2\/posts\/19781\/revisions"}],"wp:featuredmedia":[{"embeddable":true,"href":"http:\/\/informeformosa.com.ar\/index.php?rest_route=\/wp\/v2\/media\/19787"}],"wp:attachment":[{"href":"http:\/\/informeformosa.com.ar\/index.php?rest_route=%2Fwp%2Fv2%2Fmedia&parent=19781"}],"wp:term":[{"taxonomy":"category","embeddable":true,"href":"http:\/\/informeformosa.com.ar\/index.php?rest_route=%2Fwp%2Fv2%2Fcategories&post=19781"},{"taxonomy":"post_tag","embeddable":true,"href":"http:\/\/informeformosa.com.ar\/index.php?rest_route=%2Fwp%2Fv2%2Ftags&post=19781"}],"curies":[{"name":"wp","href":"https:\/\/api.w.org\/{rel}","templated":true}]}}