{"id":19769,"date":"2017-11-02T19:52:00","date_gmt":"2017-11-02T22:52:00","guid":{"rendered":"http:\/\/informeformosa.com.ar\/?p=19769"},"modified":"2017-11-02T19:52:00","modified_gmt":"2017-11-02T22:52:00","slug":"el-polo-cientifico-y-tecnologico-tiene-un-sostenido-desarrollo-en-la-faz-academica","status":"publish","type":"post","link":"http:\/\/informeformosa.com.ar\/?p=19769","title":{"rendered":"El Polo Cient\u00edfico y Tecnol\u00f3gico tiene un sostenido desarrollo en la faz acad\u00e9mica"},"content":{"rendered":"<p>El lanzamiento del novedoso programa \u201cFormaci\u00f3n de formadores para la ense\u00f1anza de la ciencia a ni\u00f1os y j\u00f3venes\u201d, marca el sostenido desarrollo que est\u00e1 teniendo la faz acad\u00e9mica en el seno del Polo Cient\u00edfico y Tecnol\u00f3gico.<\/p>\n<p>\u201cEste programa impone un gran desaf\u00edo, ya que se trata de la primera experiencia en nuestro pa\u00eds, pensada como pol\u00edtica p\u00fablica. Se trata de un proyecto innovador en el plano educativo, es un programa dise\u00f1ado para la ense\u00f1anza en \u00e1reas cient\u00edfico-tecnol\u00f3gicas, a partir de tecnolog\u00edas innovadoras, destinado a estudiantes del sistema de educaci\u00f3n p\u00fablica desde 4 a 18 a\u00f1os de edad\u201d, explico el secretario de Ciencia y Tecnolog\u00eda, Julio<\/p>\n<p>Araoz, quien anticip\u00f3 que se seleccionaran a 150 ni\u00f1os y j\u00f3venes e incorporados al programa en marzo de 2018\u201d.<\/p>\n<p>Ante la mas de veintena de docentes especialmente seleccionados y los integrantes del equipo de trabajo que la secretar\u00eda de Ciencia y Tecnolog\u00eda conformado especialmente para llevar adelante la iniciativa, se indico el prop\u00f3sito de \u201cdesarrollar capacidades cient\u00edficas, tecnol\u00f3gicas, de ingenier\u00eda, art\u00edsticas y de matem\u00e1ticas en los ni\u00f1os y j\u00f3venes, mediante el desarrollo de proyectos de\u00a0rob\u00f3tica\u00a0que integren la exploraci\u00f3n, creaci\u00f3n, innovaci\u00f3n y comunicaci\u00f3n\u201d.<\/p>\n<p>Expuso que esto pretende ser una parte del \u201csalto cualitativo que el modelo formose\u00f1o precisa en esta etapa de su evoluci\u00f3n\u201d, y que \u201cel Polo Cient\u00edfico y Tecnol\u00f3gico es todo un s\u00edmbolo en ese sentido\u201d.<\/p>\n<p>Es que con las obras civiles pr\u00e1cticamente terminadas e inclusive algunas \u00e1reas ya concluidas y en proceso de puesta a punto y equipamiento, se acent\u00faa el sector de formaci\u00f3n acad\u00e9mica del Polo Cient\u00edfico Tecnol\u00f3gico e Innovaci\u00f3n.<br \/>\nAraoz ratifico que \u201ctenemos dise\u00f1ada toda la etapa de formaci\u00f3n junto al Instituto Balseiro para t\u00e9cnicos en tecnolog\u00eda de las comunicaciones-fibra \u00f3ptica, etc.\u201d.<\/p>\n<p>Amplio refiriendo que \u201cse trabajo mucho en el trayecto profesional orientado a formar j\u00f3venes en todo lo que tenga que ver con la gesti\u00f3n, operaci\u00f3n y mantenimiento de redes de alta tensi\u00f3n y potencia de energ\u00eda el\u00e9ctrica\u201d.<br \/>\nPreciso que \u201csurgi\u00f3 a instancia de un requerimiento concreto que tiene Formosa derivado de la fuerte expansi\u00f3n que ha tenido nuestro sistema de energ\u00eda el\u00e9ctrica en todo el territorio en los \u00faltimos diez a\u00f1os. Esta nueva red\u00a0 debe ser operada y mantenida eficientemente, y para ello se requiere una mayor y capacitada fuerza laboral, algo que es requerido por quienes tienen la responsabilidad de operar el servicio en la provincia \u201c.<br \/>\nExplico que \u201chay tambi\u00e9n una propuesta de formaci\u00f3n a la qu\u00edmica industrial, esto \u00faltimo a partir de que tenemos un proyecto muy cercano aqu\u00ed de la planta de purificaci\u00f3n de uranio\u201d.<\/p>\n<p>Por otra parte, el ministerio de Cultura y Educaci\u00f3n est\u00e1 llevando adelante la formaci\u00f3n en un pos-titulo para todo lo que se la gesti\u00f3n de la red de fibra \u00f3ptica, administraci\u00f3n de redes y de conocimiento integral vinculado a la inform\u00e1tica. \u201cAsimismo, se dispone de un modulo especifico en conjunto con la UNaF para todo lo que tiene que ver con el desarrollo del software, que ser\u00e1 una de las actividades centrales de este tiempo en este polo\u201d, concluy\u00e9ndose en subrayar que \u201cser\u00e1n ofertas acad\u00e9micas muy importantes y necesarias, porque la demanda as\u00ed lo indica\u201d.<\/p>\n<p>&nbsp;<\/p>\n<p>Equipamientos<\/p>\n<p>&nbsp;<\/p>\n<p>Dijo que \u201ctambi\u00e9n se progresa en todo el proceso de equipamiento, como en los diferentes laboratorios y otras \u00e1reas\u201d. Explico que \u201cson distintas instituciones la que participan de su funcionamiento, cada una de ellas con su problem\u00e1tica particular que hoy tiene el pa\u00eds y que guarda relaci\u00f3n con los recursos financieros\u201d<\/p>\n<p>En ese sentido admite que \u201cel panorama cambio dram\u00e1ticamente, sin embargo nosotros no dejamos de trabajar en torno a esto que es parte de nuestro plan estrat\u00e9gico de desarrollo, por lo que la decisi\u00f3n de avanzar siempre se mantuvo ante el rol central de agregar valor a lo que hacemos\u201d.<\/p>\n<p>&nbsp;<\/p>\n<p>&nbsp;<\/p>\n","protected":false},"excerpt":{"rendered":"<p>El lanzamiento del novedoso programa \u201cFormaci\u00f3n de formadores para la ense\u00f1anza de la ciencia a ni\u00f1os y j\u00f3venes\u201d, marca el sostenido desarrollo que est\u00e1 teniendo la faz acad\u00e9mica en el seno del Polo Cient\u00edfico y Tecnol\u00f3gico. \u201cEste programa impone un gran desaf\u00edo, ya que se trata de la primera experiencia en nuestro pa\u00eds, pensada como [&hellip;]<\/p>\n","protected":false},"author":11,"featured_media":19770,"comment_status":"open","ping_status":"open","sticky":false,"template":"","format":"standard","meta":{"footnotes":""},"categories":[4],"tags":[],"class_list":["post-19769","post","type-post","status-publish","format-standard","has-post-thumbnail","hentry","category-educacion"],"_links":{"self":[{"href":"http:\/\/informeformosa.com.ar\/index.php?rest_route=\/wp\/v2\/posts\/19769","targetHints":{"allow":["GET"]}}],"collection":[{"href":"http:\/\/informeformosa.com.ar\/index.php?rest_route=\/wp\/v2\/posts"}],"about":[{"href":"http:\/\/informeformosa.com.ar\/index.php?rest_route=\/wp\/v2\/types\/post"}],"author":[{"embeddable":true,"href":"http:\/\/informeformosa.com.ar\/index.php?rest_route=\/wp\/v2\/users\/11"}],"replies":[{"embeddable":true,"href":"http:\/\/informeformosa.com.ar\/index.php?rest_route=%2Fwp%2Fv2%2Fcomments&post=19769"}],"version-history":[{"count":0,"href":"http:\/\/informeformosa.com.ar\/index.php?rest_route=\/wp\/v2\/posts\/19769\/revisions"}],"wp:featuredmedia":[{"embeddable":true,"href":"http:\/\/informeformosa.com.ar\/index.php?rest_route=\/wp\/v2\/media\/19770"}],"wp:attachment":[{"href":"http:\/\/informeformosa.com.ar\/index.php?rest_route=%2Fwp%2Fv2%2Fmedia&parent=19769"}],"wp:term":[{"taxonomy":"category","embeddable":true,"href":"http:\/\/informeformosa.com.ar\/index.php?rest_route=%2Fwp%2Fv2%2Fcategories&post=19769"},{"taxonomy":"post_tag","embeddable":true,"href":"http:\/\/informeformosa.com.ar\/index.php?rest_route=%2Fwp%2Fv2%2Ftags&post=19769"}],"curies":[{"name":"wp","href":"https:\/\/api.w.org\/{rel}","templated":true}]}}