{"id":19744,"date":"2017-11-01T20:47:44","date_gmt":"2017-11-01T23:47:44","guid":{"rendered":"http:\/\/informeformosa.com.ar\/?p=19744"},"modified":"2017-11-01T20:47:44","modified_gmt":"2017-11-01T23:47:44","slug":"el-lunes-6-se-inicia-la-veda-pesquera-2017","status":"publish","type":"post","link":"http:\/\/informeformosa.com.ar\/?p=19744","title":{"rendered":"El lunes 6 se inicia la veda pesquera 2017"},"content":{"rendered":"<p>En el marco de control y fiscalizaci\u00f3n de la actividad pesquera, se establece un nuevo periodo de veda ict\u00edcola que iniciar\u00e1 este lunes 6 de noviembre y se extender\u00e1 al 20 de diciembre seg\u00fan lo acordado por los representantes de los gobiernos de las provincias de Formosa, Chaco, Corrientes y Misiones como tambi\u00e9n con funcionarios del Paraguay y organizaciones de pescadores artesanales y comerciales de ambos pa\u00edses.<\/p>\n<p>Este ciclo fue establecido mediante\u00a0disposici\u00f3n conjunta 793 \/17,\u00a0dictada\u00a0por las direcciones de Registro, Control y Fiscalizaci\u00f3n y la de Recursos Naturales y Gesti\u00f3n, ambos dependientes del ministerio de la Producci\u00f3n y Ambiente de la provincia.<\/p>\n<p>Sobre la veda, cabe aclarar que la medida de suspensi\u00f3n de la actividad de pesca se da en las modalidades comercial y deportiva y tambi\u00e9n alcanza a la extracci\u00f3n, comercializaci\u00f3n y acopio de carnadas vivas. En este caso, los acopiadores de carnada deben realizar las declaraciones juradas de stock\u00a0el mismo d\u00eda de inicio de veda y\u00a0 se autoriza el movimiento de dicho stock hasta el d\u00eda\u00a09 a\u00a0las 13 horas.<\/p>\n<p>Desde la direcci\u00f3n de Registro, Control y Fiscalizaci\u00f3n se fortalece el control y se diagrama acciones en conjunto con las autoridades locales para mitigar la pesca furtiva en distintos cuerpos de agua, Polic\u00eda de la Provincia, Gendarmer\u00eda y Prefectura Naval Argentina.<\/p>\n<p>Del mismo modo, se implementan acciones con las autoridades del ministerio P\u00fablico de Paraguay para ejecutar controles en los r\u00edos lim\u00edtrofes, en coincidencia con la recomendaci\u00f3n efectuada en la reuni\u00f3n bilateral, seg\u00fan lo manifestado por el\u00a0titular de la direcci\u00f3n de Registro, Control y Fiscalizaci\u00f3n, Orlando Mendoza.<\/p>\n<p>En una reuni\u00f3n desarrollada en la ciudad Buenos Aires en el mes pasado, el Comit\u00e9 Coordinador del \u201cConvenio sobre Conservaci\u00f3n y Desarrollo de los Recursos \u00cdcticos en los tramos lim\u00edtrofes de los r\u00edos Paraguay y Paran\u00e1\u201d, convino la implementaci\u00f3n de una veda tradicional.<\/p>\n<p>Esta medida representa una herramienta fundamental para el manejo del recurso pesquero, cuya implementaci\u00f3n tiende a preservar a las poblaciones de peces que adoptan comportamientos reproductivos, quitando presi\u00f3n de pesca al recurso natural.<\/p>\n<p>Se trata de una medida que estar\u00e1 vigente a ambas m\u00e1rgenes del rio Paraguay, ya que la misma fue consensuada con el vecino pa\u00eds.<\/p>\n<p>Incluso se acord\u00f3 realizar durante este periodo de veda al menos de cuatro a seis operativos conjuntos de control, sin perjuicio a los que localmente se disponga.<\/p>\n<p>Autoridades provinciales recordaron que la veda \u201ces una herramienta m\u00e1s para el manejo del recurso \u00edctico y se deben cumplir en su sentido m\u00e1s estricto, respetando las especies permitidas, los cupos establecidos y los tama\u00f1os m\u00ednimos de extracci\u00f3n\u201d.<\/p>\n<p>Todo esto acompa\u00f1ado por \u201cel uso correcto de las artes de la pesca que est\u00e1n permitidas y, fundamentalmente, por la comprensi\u00f3n de lo importante de la conciencia ambiental de los mismos pescadores que ayudan en la conservaci\u00f3n y cuidado de los r\u00edos, que es una responsabilidad de todos\u201d.<\/p>\n","protected":false},"excerpt":{"rendered":"<p>En el marco de control y fiscalizaci\u00f3n de la actividad pesquera, se establece un nuevo periodo de veda ict\u00edcola que iniciar\u00e1 este lunes 6 de noviembre y se extender\u00e1 al 20 de diciembre seg\u00fan lo acordado por los representantes de los gobiernos de las provincias de Formosa, Chaco, Corrientes y Misiones como tambi\u00e9n con funcionarios [&hellip;]<\/p>\n","protected":false},"author":11,"featured_media":19752,"comment_status":"open","ping_status":"open","sticky":false,"template":"","format":"standard","meta":{"footnotes":""},"categories":[21],"tags":[],"class_list":["post-19744","post","type-post","status-publish","format-standard","has-post-thumbnail","hentry","category-provinciales"],"_links":{"self":[{"href":"http:\/\/informeformosa.com.ar\/index.php?rest_route=\/wp\/v2\/posts\/19744","targetHints":{"allow":["GET"]}}],"collection":[{"href":"http:\/\/informeformosa.com.ar\/index.php?rest_route=\/wp\/v2\/posts"}],"about":[{"href":"http:\/\/informeformosa.com.ar\/index.php?rest_route=\/wp\/v2\/types\/post"}],"author":[{"embeddable":true,"href":"http:\/\/informeformosa.com.ar\/index.php?rest_route=\/wp\/v2\/users\/11"}],"replies":[{"embeddable":true,"href":"http:\/\/informeformosa.com.ar\/index.php?rest_route=%2Fwp%2Fv2%2Fcomments&post=19744"}],"version-history":[{"count":0,"href":"http:\/\/informeformosa.com.ar\/index.php?rest_route=\/wp\/v2\/posts\/19744\/revisions"}],"wp:featuredmedia":[{"embeddable":true,"href":"http:\/\/informeformosa.com.ar\/index.php?rest_route=\/wp\/v2\/media\/19752"}],"wp:attachment":[{"href":"http:\/\/informeformosa.com.ar\/index.php?rest_route=%2Fwp%2Fv2%2Fmedia&parent=19744"}],"wp:term":[{"taxonomy":"category","embeddable":true,"href":"http:\/\/informeformosa.com.ar\/index.php?rest_route=%2Fwp%2Fv2%2Fcategories&post=19744"},{"taxonomy":"post_tag","embeddable":true,"href":"http:\/\/informeformosa.com.ar\/index.php?rest_route=%2Fwp%2Fv2%2Ftags&post=19744"}],"curies":[{"name":"wp","href":"https:\/\/api.w.org\/{rel}","templated":true}]}}