{"id":19743,"date":"2017-11-01T20:44:08","date_gmt":"2017-11-01T23:44:08","guid":{"rendered":"http:\/\/informeformosa.com.ar\/?p=19743"},"modified":"2017-11-01T20:44:08","modified_gmt":"2017-11-01T23:44:08","slug":"con-el-gesto-de-no-aplaudir-insfran-ratifico-su-defensa-de-los-intereses-de-los-formosenos","status":"publish","type":"post","link":"http:\/\/informeformosa.com.ar\/?p=19743","title":{"rendered":"\u201cCon el gesto de no aplaudir Insfr\u00e1n ratific\u00f3 su defensa de los intereses de los formose\u00f1os\u201d"},"content":{"rendered":"<p>Gremialistas de la seccional local de la Uni\u00f3n del Personal Civil de la\u00a0 Naci\u00f3n (UPCN) aludieron a los alcances del encuentro que mantuvieron recientemente el presidente Mauricio Macri con los gobernadores provinciales, entre ellos el doctor Gildo Insfr\u00e1n, sobre lo cual el secretario adjunto del citado gremio estatal, Faustino Duarte, resalt\u00f3 que \u201ccon el gesto de no aplaudir nuestro mandatario provincial ratific\u00f3 su decisi\u00f3n pol\u00edtica de defender los intereses de los formose\u00f1os\u201d.<\/p>\n<p>En ese sentido, en declaraciones period\u00edsticas Duarte destac\u00f3 que los anuncios que se conocieron tras ese encuentro \u201cson muy regresivos para el mundo del trabajo muy similar a la pol\u00edtica econ\u00f3mica del gobierno militar de Videla que sigui\u00f3 hasta el 83, es un intento de avanzar sobre derechos que mucho cost\u00f3 al mundo del trabajo, a la sociedad argentina, rescatar derechos que fueron conculcados por la dictadura.\u201d<\/p>\n<p>Acot\u00f3 luego que \u201ccreemos que no va a ser viable avanzar en ese tipo de medidas que compromete el futuro de los trabajadores al avanzar sobre el derecho de los jubilados, la parte previsional. Intentar reducir los ingresos de la jubilaci\u00f3n nos parece alarmante e inhumano y que nos muestra un gobierno de marcada i insensibilidad social.\u201d<\/p>\n<p>\u201cApuntan a quitar espacios de recreaci\u00f3n, de descanso, ya nos quieren hacer trabajar m\u00e1s horas de las legisladas, hablan de doce horas de jornada laboral, la conquista de ocho horas de trabajo cost\u00f3 vidas no solo en la Argentina sino en el mundo, la conquista de ocho horas de trabajo se logr\u00f3 luego de esa hist\u00f3rica lucha de las mujeres en Chicago y regresar a esa etapa de oscurantismo que es muy peligrosa para la sociedad y puede profundizar la grieeta y generar situaciones muy conflictivas en la sociedad argentina\u201d, puntualiz\u00f3.<\/p>\n<p>Respecto a la posici\u00f3n del sindicalismo dijo Duarte que \u201ccreo que ante esto el sindicalismo va a imponer un planteo de unidad y solidaridad para frenar este embate que pone en peligro derechos conquistados por los trabajadores, por lo que creo que el conjunto de la dirigencia sindical se va a poner firme.\u201d<\/p>\n<p>Por su parte, Marcelo Castro, secretario gremial de UPCN, se\u00f1al\u00f3 que \u201cla idea de bajar a 500 la cantidad de gremios, que es lo que se ha anunciado, es un avasallamiento al derecho de los trabajadores y un intento de violar la ley 23.551y creo que eso no va a prosperar porque el movimiento obrero va a estar unido para que esta iniciativa no prospere.\u201d<\/p>\n<p>\u201cEsta es una iniciativa que de concretarse es una clara violaci\u00f3n a los alcances de la ley 23.551 que regula la representatividad gremial por lo tanto el Congreso de la Naci\u00f3n es el \u00fanico que puede encargarse de la modificaci\u00f3n o no de una ley de ese tipo\u201d, precis\u00f3.<\/p>\n<p>&nbsp;<\/p>\n<p><strong>La actitud de Insfr\u00e1n<\/strong><\/p>\n<p>&nbsp;<\/p>\n<p>Al mismo tiempo, Duarte trajo a colaci\u00f3n que \u201cyo creo que hay que rescatar la actitud de nuestro gobernador al no aplaudir estos anuncios, el lo hizo convencido que lo que se estaba planteando es muy perjudicial para la sociedad argentina y en particular para provincias como la nuestra, ya que se est\u00e1 hablando de producir recortes y no de una distribuci\u00f3n equitativa de ingresos; hablan de recortes, de achicar el gasto p\u00fablico, no hablan de promover las econom\u00edas regionales.\u201d<\/p>\n<p>Remarc\u00f3 seguidamente que \u201cpara este gobierno nacional todo es recortes y endeudamiento pero endeudamiento para beneficiar a Buenos Aires, Mendoza, C\u00f3rdoba o a la regi\u00f3n de la Pampa h\u00fameda, en el presupuesto nacional todos dicen que la obra p\u00fablica est\u00e1 exclusivamente direccionada a la provincia de Buenos Aires en detrimento de Formosa y las dem\u00e1s provincias del nordeste y por eso valoramos y apoyamos la posici\u00f3n s\u00f3lida de nuestro mandatario provincial en defensa de los intereses de los formose\u00f1os y esta actitud fue respaldada categ\u00f3ricamente en las recientes elecciones legislativas y abogamos tambi\u00e9n para que nuestros representantes en el Congreso de la Naci\u00f3n defiendan los intereses de los formose\u00f1os.\u201d<\/p>\n<p>Finalmente, enfatiz\u00f3: \u201cDebemos resaltar tambi\u00e9n p\u00fablicamente la posici\u00f3n de nuestro gobierno provincial a partir de la firme decisi\u00f3n pol\u00edtica del gobernador Gildo Insfr\u00e1n, de sostener en el \u00e1mbito de la provincia de Formosa la Caja de Previsi\u00f3n Social. Se trata de una actitud de soberan\u00eda pol\u00edtica si se quiere porque la transferencia de la\u00a0 Caja previsional va a resultar muy perjudicial para los intereses de los trabajadores formose\u00f1os\u201d.<\/p>\n","protected":false},"excerpt":{"rendered":"<p>Gremialistas de la seccional local de la Uni\u00f3n del Personal Civil de la\u00a0 Naci\u00f3n (UPCN) aludieron a los alcances del encuentro que mantuvieron recientemente el presidente Mauricio Macri con los gobernadores provinciales, entre ellos el doctor Gildo Insfr\u00e1n, sobre lo cual el secretario adjunto del citado gremio estatal, Faustino Duarte, resalt\u00f3 que \u201ccon el gesto [&hellip;]<\/p>\n","protected":false},"author":11,"featured_media":19749,"comment_status":"open","ping_status":"open","sticky":false,"template":"","format":"standard","meta":{"footnotes":""},"categories":[21],"tags":[],"class_list":["post-19743","post","type-post","status-publish","format-standard","has-post-thumbnail","hentry","category-provinciales"],"_links":{"self":[{"href":"http:\/\/informeformosa.com.ar\/index.php?rest_route=\/wp\/v2\/posts\/19743","targetHints":{"allow":["GET"]}}],"collection":[{"href":"http:\/\/informeformosa.com.ar\/index.php?rest_route=\/wp\/v2\/posts"}],"about":[{"href":"http:\/\/informeformosa.com.ar\/index.php?rest_route=\/wp\/v2\/types\/post"}],"author":[{"embeddable":true,"href":"http:\/\/informeformosa.com.ar\/index.php?rest_route=\/wp\/v2\/users\/11"}],"replies":[{"embeddable":true,"href":"http:\/\/informeformosa.com.ar\/index.php?rest_route=%2Fwp%2Fv2%2Fcomments&post=19743"}],"version-history":[{"count":0,"href":"http:\/\/informeformosa.com.ar\/index.php?rest_route=\/wp\/v2\/posts\/19743\/revisions"}],"wp:featuredmedia":[{"embeddable":true,"href":"http:\/\/informeformosa.com.ar\/index.php?rest_route=\/wp\/v2\/media\/19749"}],"wp:attachment":[{"href":"http:\/\/informeformosa.com.ar\/index.php?rest_route=%2Fwp%2Fv2%2Fmedia&parent=19743"}],"wp:term":[{"taxonomy":"category","embeddable":true,"href":"http:\/\/informeformosa.com.ar\/index.php?rest_route=%2Fwp%2Fv2%2Fcategories&post=19743"},{"taxonomy":"post_tag","embeddable":true,"href":"http:\/\/informeformosa.com.ar\/index.php?rest_route=%2Fwp%2Fv2%2Ftags&post=19743"}],"curies":[{"name":"wp","href":"https:\/\/api.w.org\/{rel}","templated":true}]}}