{"id":19740,"date":"2017-11-01T20:36:38","date_gmt":"2017-11-01T23:36:38","guid":{"rendered":"http:\/\/informeformosa.com.ar\/?p=19740"},"modified":"2017-11-01T20:36:38","modified_gmt":"2017-11-01T23:36:38","slug":"la-expo-carreras-unaf-2017-se-realizara-el-viernes-10-de-noviembre","status":"publish","type":"post","link":"http:\/\/informeformosa.com.ar\/?p=19740","title":{"rendered":"La \u201cExpo Carreras UNaF 2017\u201d se  realizar\u00e1 el viernes 10 de noviembre"},"content":{"rendered":"<p>El rector de la Universidad Nacional de Formosa (UNaF), Augusto Parmetler mantuvo una reuni\u00f3n el mi\u00e9rcoles 1\u00b0 de noviembre en su oficina del rectorado, en la que tambi\u00e9n participaron los decanos de las cuatro facultades, el Secretario de Asuntos Estudiantiles y Extensi\u00f3n Universitaria, Rafael Olmedo, entre otras autoridades.<\/p>\n<p>El objetivo del encuentro fue delinear los preparativos de la Expo Carreras 2017, que se llevar\u00e1 a cabo el viernes 10 de noviembre de 9 a 18 en el Campus Universitario, en el marco de los festejos por el 29\u00b0 aniversario de la UNaF.<\/p>\n<p>El evento tendr\u00e1 lugar en el polideportivo de la casa de estudios, tendr\u00e1 entrada libre y gratuita y se remarca que no se suspender\u00e1 por mal tiempo. En ese caso, cada facultad dispondr\u00e1 de su m\u00f3dulo para realizar la difusi\u00f3n de sus carreras.<\/p>\n<p>Durante la jornada, los futuros ingresantes a la universidad, podr\u00e1n acceder a la amplia oferta acad\u00e9mica de la UNaF, que cuenta con m\u00e1s de 40 carreras, y conocer sus requisitos de ingreso, las fechas de inscripci\u00f3n y las diferentes pol\u00edticas de Bienestar Estudiantil, como son los Programas Nacionales de Becas, el Centro de Promoci\u00f3n de Salud Estudiantil, Talleres de Orientaci\u00f3n Psicopedag\u00f3gica y las m\u00faltiples actividades deportivas entre otras.<\/p>\n<p>La Expo Carreras UNaF 2017 deber\u00eda haberse realizado el pasado 26 de octubre, pero debi\u00f3 ser suspendida por las copiosas precipitaciones.<\/p>\n","protected":false},"excerpt":{"rendered":"<p>El rector de la Universidad Nacional de Formosa (UNaF), Augusto Parmetler mantuvo una reuni\u00f3n el mi\u00e9rcoles 1\u00b0 de noviembre en su oficina del rectorado, en la que tambi\u00e9n participaron los decanos de las cuatro facultades, el Secretario de Asuntos Estudiantiles y Extensi\u00f3n Universitaria, Rafael Olmedo, entre otras autoridades. El objetivo del encuentro fue delinear los [&hellip;]<\/p>\n","protected":false},"author":11,"featured_media":19746,"comment_status":"open","ping_status":"open","sticky":false,"template":"","format":"standard","meta":{"footnotes":""},"categories":[4],"tags":[],"class_list":["post-19740","post","type-post","status-publish","format-standard","has-post-thumbnail","hentry","category-educacion"],"_links":{"self":[{"href":"http:\/\/informeformosa.com.ar\/index.php?rest_route=\/wp\/v2\/posts\/19740","targetHints":{"allow":["GET"]}}],"collection":[{"href":"http:\/\/informeformosa.com.ar\/index.php?rest_route=\/wp\/v2\/posts"}],"about":[{"href":"http:\/\/informeformosa.com.ar\/index.php?rest_route=\/wp\/v2\/types\/post"}],"author":[{"embeddable":true,"href":"http:\/\/informeformosa.com.ar\/index.php?rest_route=\/wp\/v2\/users\/11"}],"replies":[{"embeddable":true,"href":"http:\/\/informeformosa.com.ar\/index.php?rest_route=%2Fwp%2Fv2%2Fcomments&post=19740"}],"version-history":[{"count":0,"href":"http:\/\/informeformosa.com.ar\/index.php?rest_route=\/wp\/v2\/posts\/19740\/revisions"}],"wp:featuredmedia":[{"embeddable":true,"href":"http:\/\/informeformosa.com.ar\/index.php?rest_route=\/wp\/v2\/media\/19746"}],"wp:attachment":[{"href":"http:\/\/informeformosa.com.ar\/index.php?rest_route=%2Fwp%2Fv2%2Fmedia&parent=19740"}],"wp:term":[{"taxonomy":"category","embeddable":true,"href":"http:\/\/informeformosa.com.ar\/index.php?rest_route=%2Fwp%2Fv2%2Fcategories&post=19740"},{"taxonomy":"post_tag","embeddable":true,"href":"http:\/\/informeformosa.com.ar\/index.php?rest_route=%2Fwp%2Fv2%2Ftags&post=19740"}],"curies":[{"name":"wp","href":"https:\/\/api.w.org\/{rel}","templated":true}]}}