{"id":19726,"date":"2017-11-01T20:26:49","date_gmt":"2017-11-01T23:26:49","guid":{"rendered":"http:\/\/informeformosa.com.ar\/?p=19726"},"modified":"2017-11-01T20:26:49","modified_gmt":"2017-11-01T23:26:49","slug":"inscriben-a-familias-postulantes-a-los-modulos-habitacionales","status":"publish","type":"post","link":"http:\/\/informeformosa.com.ar\/?p=19726","title":{"rendered":"Inscriben a familias postulantes a los m\u00f3dulos habitacionales"},"content":{"rendered":"<p>En la sede del ministerio de la Comunidad (Padre Grotti 1040)\u00a0 se reciben inscripci\u00f3n para la entrega de m\u00f3dulos habitacionales. Desde temprano de este mi\u00e9rcoles se formo una larga fila de postulantes. Estos deben entregar fotocopia de DNI del grupo familiar y titular, fotocopia de partidas de nacimiento de los menores, certificado de domicilio de la polic\u00eda y \u00a0declaraci\u00f3n jurada.<\/p>\n<p>La ejecuci\u00f3n de m\u00e1s de 6000 soluciones habitacionales, y multiplic\u00e1ndose por el promedio de cada grupo familiar, comprende a por lo menos 25 mil personas beneficiadas, surge como n\u00famero emblem\u00e1tico alcanzado en el marco del plan de reordenamiento urbano en esta capital.<\/p>\n<p>Este plan que lleva m\u00e1s de seis a\u00f1os en desarrollo, permiti\u00f3 en diferentes sectores de nuestra ciudad, un proceso de integraci\u00f3n f\u00edsica y social, avanz\u00e1ndose en la conformaci\u00f3n de barrios similares a los existentes en las proximidades de los mismos.<\/p>\n<p>Quien as\u00ed lo certifica es el concejal Hugo Garc\u00eda, destacando el sostenido progreso de este ambicioso proyecto del gobierno provincial que exhibe entre sus logros \u201cla erradicaci\u00f3n de al menos una veintena\u00a0 de asentamientos irregulares\u201d.<\/p>\n<p>Explico que entre las intervenciones urbanas se encararon acciones como la de regularizaci\u00f3n dominial, la construcci\u00f3n de obras de infraestructura y servicios como la red de agua potable, cloacas, red el\u00e9ctrica, desag\u00fces pluviales, aperturas de calles, la construcci\u00f3n, veredas comunitarias y la definici\u00f3n de espacios de reserva para equipamientos comunitarios (plazas, polideportivos, escuelas, centros de salud, entre otros)\u201d.<\/p>\n<p>Dijo que \u201cen algunos casos fue posible urbanizar los actuales asentamientos, en otros casos se debi\u00f3 relocalizar a la poblaci\u00f3n. Cuando se relocalizaron los asentamientos en los proyectos se tuvieron que prever y ejecutar obras de \u201ccicatrizaci\u00f3n\u201d de las tierras desocupadas luego de la relocalizaci\u00f3n de las familias, para evitar futuros asentamientos\u201d.<\/p>\n<p>Amplio se\u00f1alando que a ese \u201cprop\u00f3sito inicial y a partir de las \u00faltimas emergencias por inundaciones en los a\u00f1os 2013 y 2015, se dispusieron lotes con m\u00f3dulos y servicios a muchas familias que fueron relocalizadas en este sector a partir de que estaban asentadas en sectores bajos de la periferia de la ciudad. M\u00e1s de 1500 familias damnificadas por\u201d anegamientos fueron beneficiadas con sus m\u00f3dulos habitacionales, n\u00facleos sanitarios y todos los servicios como luz, agua y desag\u00fces\u201d.<\/p>\n<p>Puntualizo asimismo que se ejecutaron y contin\u00faan los trabajos de varios kil\u00f3metros de de estabilizado granular o ripio y veredas comunitarias y la extensi\u00f3n del alumbrado p\u00fablico, adem\u00e1s de otras infraestructuras para el solaz de las familias como la hermosa plaza del Lote 111\u201d.<\/p>\n<p>\u201cY el proyecto sigue creciendo, ya que a las seis mil soluciones habitacionales alcanzadas, existen otras en construcci\u00f3n. Estas y otras infraestructuras de servicios que demandan toda nueva urbanizaci\u00f3n, para as\u00ed alcanzar una ordenada inclusi\u00f3n a la trama urbana de la ciudad, ser\u00e1n posibles merced a que se cuentan con las reservas de los terrenos\u201d, destaco.<\/p>\n<p>\u201cEsta l\u00ednea de trabajo ejecutadas en forma conjunta entre gobierno y municipio,\u00a0 posibilito erradicar la situaci\u00f3n de precariedad habitacional que conformaban\u00a0 asentamientos irregulares, muchos de ellos en zonas inundables por fuera del anillo de defensas se inicio hace unos seis a\u00f1os, y aun hoy continuamos avanzando en este programa con m\u00e1s m\u00f3dulos y otras obras en plena ejecuci\u00f3n\u201d, afirmo Garc\u00eda<\/p>\n<p>Garc\u00eda destaco asimismo que este proyecto \u201cse genero a trav\u00e9s de una decisi\u00f3n pol\u00edtica decidida del gobernador (Gildo) Insfran, reviste el car\u00e1cter de \u201cintegral\u201d, y que esta \u201corientado al mejoramiento del entorno y la calidad de vida de las familias de menores recursos que habitan sectores deprimidos de la ciudad, logrando as\u00ed con esta acci\u00f3n de gobierno la inclusi\u00f3n social de los mismos\u201d.<\/p>\n","protected":false},"excerpt":{"rendered":"<p>En la sede del ministerio de la Comunidad (Padre Grotti 1040)\u00a0 se reciben inscripci\u00f3n para la entrega de m\u00f3dulos habitacionales. Desde temprano de este mi\u00e9rcoles se formo una larga fila de postulantes. Estos deben entregar fotocopia de DNI del grupo familiar y titular, fotocopia de partidas de nacimiento de los menores, certificado de domicilio de [&hellip;]<\/p>\n","protected":false},"author":11,"featured_media":19738,"comment_status":"open","ping_status":"open","sticky":false,"template":"","format":"standard","meta":{"footnotes":""},"categories":[2],"tags":[],"class_list":["post-19726","post","type-post","status-publish","format-standard","has-post-thumbnail","hentry","category-locales"],"_links":{"self":[{"href":"http:\/\/informeformosa.com.ar\/index.php?rest_route=\/wp\/v2\/posts\/19726","targetHints":{"allow":["GET"]}}],"collection":[{"href":"http:\/\/informeformosa.com.ar\/index.php?rest_route=\/wp\/v2\/posts"}],"about":[{"href":"http:\/\/informeformosa.com.ar\/index.php?rest_route=\/wp\/v2\/types\/post"}],"author":[{"embeddable":true,"href":"http:\/\/informeformosa.com.ar\/index.php?rest_route=\/wp\/v2\/users\/11"}],"replies":[{"embeddable":true,"href":"http:\/\/informeformosa.com.ar\/index.php?rest_route=%2Fwp%2Fv2%2Fcomments&post=19726"}],"version-history":[{"count":0,"href":"http:\/\/informeformosa.com.ar\/index.php?rest_route=\/wp\/v2\/posts\/19726\/revisions"}],"wp:featuredmedia":[{"embeddable":true,"href":"http:\/\/informeformosa.com.ar\/index.php?rest_route=\/wp\/v2\/media\/19738"}],"wp:attachment":[{"href":"http:\/\/informeformosa.com.ar\/index.php?rest_route=%2Fwp%2Fv2%2Fmedia&parent=19726"}],"wp:term":[{"taxonomy":"category","embeddable":true,"href":"http:\/\/informeformosa.com.ar\/index.php?rest_route=%2Fwp%2Fv2%2Fcategories&post=19726"},{"taxonomy":"post_tag","embeddable":true,"href":"http:\/\/informeformosa.com.ar\/index.php?rest_route=%2Fwp%2Fv2%2Ftags&post=19726"}],"curies":[{"name":"wp","href":"https:\/\/api.w.org\/{rel}","templated":true}]}}